{"id":954,"date":"2023-03-09T06:55:59","date_gmt":"2023-03-09T06:55:59","guid":{"rendered":"https:\/\/www.tuco.net\/blog\/?p=954"},"modified":"2024-11-05T13:47:20","modified_gmt":"2024-11-05T13:47:20","slug":"amueblar-una-habitacion-estrecha-y-larga","status":"publish","type":"post","link":"https:\/\/www.tuco.net\/blog\/amueblar-una-habitacion-estrecha-y-larga\/","title":{"rendered":"Ideas para amueblar una habitaci\u00f3n estrecha y larga"},"content":{"rendered":"\r\n<p>Si tenemos que amueblar una habitaci\u00f3n estrecha y larga, es necesario recurrir a la imaginaci\u00f3n y quitar muchos prejuicios e ideas preconcebidas de nuestra mente. Jugar con los colores, las luces, las l\u00edneas\u2026 <strong>Todo puede contribuir a aprovechar los espacios en una estancia de este tipo.<\/strong> Especialmente si el p\u00fablico es juvenil.<\/p>\r\n\r\n\r\n\r\n<blockquote class=\"wp-block-quote is-layout-flow wp-block-quote-is-layout-flow\">\r\n<p>En el siguiente art\u00edculo te ofrecemos algunas ideas para amueblar una habitaci\u00f3n estrecha y larga.<\/p>\r\n<\/blockquote>\r\n\r\n\r\n\r\n<div id=\"ez-toc-container\" class=\"ez-toc-v2_0_63 counter-hierarchy ez-toc-counter ez-toc-custom ez-toc-container-direction\">\n<div class=\"ez-toc-title-container\">\n<p class=\"ez-toc-title \" >Tabla de contenidos<\/p>\n<span class=\"ez-toc-title-toggle\"><a href=\"#\" class=\"ez-toc-pull-right ez-toc-btn ez-toc-btn-xs ez-toc-btn-default ez-toc-toggle\" aria-label=\"Toggle Table of Content\"><span class=\"ez-toc-js-icon-con\"><span class=\"\"><span class=\"eztoc-hide\" style=\"display:none;\">Toggle<\/span><span class=\"ez-toc-icon-toggle-span\"><svg style=\"fill: #545454;color:#545454\" xmlns=\"http:\/\/www.w3.org\/2000\/svg\" class=\"list-377408\" width=\"20px\" height=\"20px\" viewBox=\"0 0 24 24\" fill=\"none\"><path d=\"M6 6H4v2h2V6zm14 0H8v2h12V6zM4 11h2v2H4v-2zm16 0H8v2h12v-2zM4 16h2v2H4v-2zm16 0H8v2h12v-2z\" fill=\"currentColor\"><\/path><\/svg><svg style=\"fill: #545454;color:#545454\" class=\"arrow-unsorted-368013\" xmlns=\"http:\/\/www.w3.org\/2000\/svg\" width=\"10px\" height=\"10px\" viewBox=\"0 0 24 24\" version=\"1.2\" baseProfile=\"tiny\"><path d=\"M18.2 9.3l-6.2-6.3-6.2 6.3c-.2.2-.3.4-.3.7s.1.5.3.7c.2.2.4.3.7.3h11c.3 0 .5-.1.7-.3.2-.2.3-.5.3-.7s-.1-.5-.3-.7zM5.8 14.7l6.2 6.3 6.2-6.3c.2-.2.3-.5.3-.7s-.1-.5-.3-.7c-.2-.2-.4-.3-.7-.3h-11c-.3 0-.5.1-.7.3-.2.2-.3.5-.3.7s.1.5.3.7z\"\/><\/svg><\/span><\/span><\/span><\/a><\/span><\/div>\n<nav><ul class='ez-toc-list ez-toc-list-level-1 ' ><li class='ez-toc-page-1 ez-toc-heading-level-2'><a class=\"ez-toc-link ez-toc-heading-1\" href=\"https:\/\/www.tuco.net\/blog\/amueblar-una-habitacion-estrecha-y-larga\/#%C2%BFComo_amueblar_una_habitacion_estrecha_y_larga\" title=\"\u00bfC\u00f3mo amueblar una habitaci\u00f3n estrecha y larga?\">\u00bfC\u00f3mo amueblar una habitaci\u00f3n estrecha y larga?<\/a><\/li><li class='ez-toc-page-1 ez-toc-heading-level-2'><a class=\"ez-toc-link ez-toc-heading-2\" href=\"https:\/\/www.tuco.net\/blog\/amueblar-una-habitacion-estrecha-y-larga\/#Trucos_para_ampliar_una_habitacion_juvenil_estrecha\" title=\"Trucos para ampliar una habitaci\u00f3n juvenil estrecha\">Trucos para ampliar una habitaci\u00f3n juvenil estrecha<\/a><ul class='ez-toc-list-level-3' ><li class='ez-toc-heading-level-3'><a class=\"ez-toc-link ez-toc-heading-3\" href=\"https:\/\/www.tuco.net\/blog\/amueblar-una-habitacion-estrecha-y-larga\/#El_color\" title=\"El color\">El color<\/a><\/li><li class='ez-toc-page-1 ez-toc-heading-level-3'><a class=\"ez-toc-link ez-toc-heading-4\" href=\"https:\/\/www.tuco.net\/blog\/amueblar-una-habitacion-estrecha-y-larga\/#La_luz\" title=\"La luz\">La luz<\/a><\/li><li class='ez-toc-page-1 ez-toc-heading-level-3'><a class=\"ez-toc-link ez-toc-heading-5\" href=\"https:\/\/www.tuco.net\/blog\/amueblar-una-habitacion-estrecha-y-larga\/#La_cama\" title=\"La cama\">La cama<\/a><\/li><li class='ez-toc-page-1 ez-toc-heading-level-3'><a class=\"ez-toc-link ez-toc-heading-6\" href=\"https:\/\/www.tuco.net\/blog\/amueblar-una-habitacion-estrecha-y-larga\/#Estanterias_y_almacenaje\" title=\"Estanter\u00edas y almacenaje\">Estanter\u00edas y almacenaje<\/a><\/li><li class='ez-toc-page-1 ez-toc-heading-level-3'><a class=\"ez-toc-link ez-toc-heading-7\" href=\"https:\/\/www.tuco.net\/blog\/amueblar-una-habitacion-estrecha-y-larga\/#Escritorio\" title=\"Escritorio\">Escritorio<\/a><\/li><\/ul><\/li><\/ul><\/nav><\/div>\n<h2 class=\"wp-block-heading\"><span class=\"ez-toc-section\" id=\"%C2%BFComo_amueblar_una_habitacion_estrecha_y_larga\"><\/span><strong>\u00bfC\u00f3mo amueblar una habitaci\u00f3n estrecha y larga?<\/strong><span class=\"ez-toc-section-end\"><\/span><\/h2>\r\n\r\n\r\n\r\n<p>Los espacios en una casa son como son y es dif\u00edcil cambiarlos, por eso hay que tomar la m\u00e1xima que dice aquello de <strong>\u201csi no puedes con tu enemigo, \u00fanete a \u00e9l\u201d.<\/strong> En este caso, m\u00e1s bien, ser\u00eda \u201caprov\u00e9chate de \u00e9l\u201d. Lo que se busca en estos casos es hacer que el espacio huya de lo claustrof\u00f3bico.<\/p>\r\n\r\n\r\n\r\n<p>Hablamos, por tanto, <strong>de buscar lo pr\u00e1ctico, pero sin renunciar a la armon\u00eda y al equilibrio<\/strong> que conseguir\u00e1n que quien ocupe ese espacio lo haga sin verse presionado o limitado por las caracter\u00edsticas de la habitaci\u00f3n. En una <a href=\"https:\/\/www.tuco.net\/mesas-de-estudio-y-escritorios-juveniles-61\">tienda de muebles<\/a> como Tuco, las ideas y consejos de profesionales siempre buscar\u00e1n la mejor soluci\u00f3n.<\/p>\r\n\r\n\r\n\r\n<p>En este caso, tendremos que apostar por ahorrar cent\u00edmetros, ya que en los espacios reducidos las distancias se miran con lupa. De la misma manera, todo rinc\u00f3n es susceptible de tener un uso.<\/p>\r\n\r\n\r\n\r\n<p>Para jugar con las l\u00edneas, es recomendable que, por ejemplo, <strong>la pared m\u00e1s estrecha cuente con un elemento que la alargue en perpendicular<\/strong>. Es decir, si es la pared del fondo, se puede incluir una estanter\u00eda que d\u00e9 continuidad de extremo a extremo.<\/p>\r\n\r\n\r\n\r\n<p>En las paredes alargadas de una habitaci\u00f3n rectangular, los elementos verticales, como una estanter\u00eda o un armario son clave: compartir el color con las paredes, puede ayudar a conseguir el objetivo.<\/p>\r\n\r\n\r\n\r\n<p>Si lo que tenemos entre manos son <a href=\"https:\/\/www.tuco.net\/habitaciones-juveniles-baratas-50\">habitaciones juveniles<\/a>, podemos jugar con todos los elementos para que se encuentren en la misma l\u00ednea, sin discordancias.\u00a0<\/p>\r\n\r\n\r\n<div class=\"wp-block-image\">\r\n<figure class=\"aligncenter size-full is-resized\"><a href=\"https:\/\/www.tuco.net\/t9amj14-estante-pared-455.html\"><img loading=\"lazy\" decoding=\"async\" class=\"wp-image-957\" src=\"https:\/\/www.tuco.net\/blog\/wp-content\/uploads\/2023\/03\/estante-pared-gabriel.jpg\" alt=\"\" width=\"773\" height=\"560\" srcset=\"https:\/\/www.tuco.net\/blog\/wp-content\/uploads\/2023\/03\/estante-pared-gabriel.jpg 1000w, https:\/\/www.tuco.net\/blog\/wp-content\/uploads\/2023\/03\/estante-pared-gabriel-300x218.jpg 300w, https:\/\/www.tuco.net\/blog\/wp-content\/uploads\/2023\/03\/estante-pared-gabriel-768x557.jpg 768w\" sizes=\"auto, (max-width: 773px) 100vw, 773px\" \/><\/a>\r\n<figcaption class=\"wp-element-caption\">Estante de pared Gabriel.<\/figcaption>\r\n<\/figure>\r\n<\/div>\r\n\r\n\r\n<h2 class=\"wp-block-heading\"><span class=\"ez-toc-section\" id=\"Trucos_para_ampliar_una_habitacion_juvenil_estrecha\"><\/span>Trucos para ampliar una habitaci\u00f3n juvenil estrecha<span class=\"ez-toc-section-end\"><\/span><\/h2>\r\n\r\n\r\n\r\n<p>Una habitaci\u00f3n juvenil estrecha no tiene por qu\u00e9 ser una pesadilla. Puede que no sea el espacio ideal, pero solo hay que buscar alternativas y tener en cuenta algunos consejos para <strong>hacer que el espacio &#8216;crezca&#8217;<\/strong>. Visualmente hablando, claro.\u00a0<\/p>\r\n\r\n\r\n\r\n<p>Para ello, estos <a href=\"https:\/\/www.tuco.net\/dormitorios-juveniles-completos-51\">dormitorios juveniles completos<\/a> son alternativas que ayudan a que todo el proceso sea m\u00e1s sencillo. Unos conjuntos as\u00ed facilitan el trabajo, ya que tonos, formas y detalles ir\u00e1n en consonancia y <strong>favorecer\u00e1n el equilibrio y la armon\u00eda<\/strong>, tan necesarios en estos casos.\u00a0<\/p>\r\n\r\n\r\n\r\n<h3 class=\"wp-block-heading\"><span class=\"ez-toc-section\" id=\"El_color\"><\/span>El color<span class=\"ez-toc-section-end\"><\/span><\/h3>\r\n\r\n\r\n\r\n<p>Entre las ideas para habitaciones alargadas y estrechas, el color ocupa un lugar preponderante. <strong>El blanco es el color de la amplitud por antonomasia<\/strong>, pero en este caso vale la pena investigar m\u00e1s all\u00e1.\u00a0<\/p>\r\n\r\n\r\n\r\n<p>La idea es poder recurrir al contraste suave, con tonos cercanos como el beige o el gris claro para las paredes. Los tonos m\u00e1s llamativos pueden ser \u00fatiles en otros elementos. Tampoco se puede pasar de largo del papel pintado.<\/p>\r\n\r\n\r\n\r\n<h3 class=\"wp-block-heading\"><span class=\"ez-toc-section\" id=\"La_luz\"><\/span>La luz<span class=\"ez-toc-section-end\"><\/span><\/h3>\r\n\r\n\r\n\r\n<p><strong>La luz lo da todo. <\/strong>Por eso es importante exprimir las posibilidades de una fuente natural, como es el caso de una ventana, y, al mismo tiempo, recurrir a la artificial. Para los puntos de luz del techo, una alternativa es empotrarlos y evitar elementos colgantes.\u00a0<\/p>\r\n\r\n\r\n\r\n<p>De la misma manera, es recomendable aprovechar los huecos de los muebles o incluso las tiras de luz para aportar luminosidad, ambiente y ayuden a ampliar el espacio.\u00a0<\/p>\r\n\r\n\r\n\r\n<blockquote class=\"wp-block-quote is-layout-flow wp-block-quote-is-layout-flow\">\r\n<p>Incluir un espejo servir\u00e1 para que el reflejo nos ayude en nuestro objetivo.<\/p>\r\n<\/blockquote>\r\n\r\n\r\n<div class=\"wp-block-image\">\r\n<figure class=\"aligncenter size-full\"><a href=\"https:\/\/www.tuco.net\/litera-tren-duos-2253.html#\/color-azul\"><img loading=\"lazy\" decoding=\"async\" width=\"1000\" height=\"725\" class=\"wp-image-958\" src=\"https:\/\/www.tuco.net\/blog\/wp-content\/uploads\/2023\/03\/litera-tren-duos.jpg\" alt=\"\" srcset=\"https:\/\/www.tuco.net\/blog\/wp-content\/uploads\/2023\/03\/litera-tren-duos.jpg 1000w, https:\/\/www.tuco.net\/blog\/wp-content\/uploads\/2023\/03\/litera-tren-duos-300x218.jpg 300w, https:\/\/www.tuco.net\/blog\/wp-content\/uploads\/2023\/03\/litera-tren-duos-768x557.jpg 768w\" sizes=\"auto, (max-width: 1000px) 100vw, 1000px\" \/><\/a>\r\n<figcaption class=\"wp-element-caption\">Litera Tren Duos.<\/figcaption>\r\n<\/figure>\r\n<\/div>\r\n\r\n\r\n<h3 class=\"wp-block-heading\"><span class=\"ez-toc-section\" id=\"La_cama\"><\/span>La cama<span class=\"ez-toc-section-end\"><\/span><\/h3>\r\n\r\n\r\n\r\n<p>En el caso de que la habitaci\u00f3n estrecha sea un dormitorio; <strong>la cama, como elemento central, se convierte en la estrella sobre la que gira el resto de elementos<\/strong>. Hay que sacarle el m\u00e1ximo partido y apostar por los dobles usos y las alternativas abatibles.\u00a0\u00a0<\/p>\r\n\r\n\r\n\r\n<p>Por ejemplo: una <a href=\"https:\/\/www.tuco.net\/dormitorio-juvenil-indira-2016.html\">cama nido<\/a>, que ampl\u00eda la capacidad sin renunciar al espacio; una <a href=\"https:\/\/www.tuco.net\/dormitorio-juvenil-curly-1594.html\">cama compacta con cajones y armario<\/a>, que ayuda a tener almacenaje en la misma l\u00ednea estil\u00edstica o un <a href=\"https:\/\/www.tuco.net\/dormitorio-puente-wai-3085.html\">dormitorio puente<\/a>, que lo hace m\u00e1s f\u00e1cil.<\/p>\r\n\r\n\r\n\r\n<h3 class=\"wp-block-heading\"><span class=\"ez-toc-section\" id=\"Estanterias_y_almacenaje\"><\/span>Estanter\u00edas y almacenaje<span class=\"ez-toc-section-end\"><\/span><\/h3>\r\n\r\n\r\n\r\n<p>En el juego de l\u00edneas, las estanter\u00edas verticales que vayan de suelo al techo consiguen dar <strong>espacio de almacenaje que sea \u00fatil<\/strong>, al mismo tiempo que aportan en el trabajo visual. Las puertas correderas son muy necesarias en este caso.<\/p>\r\n\r\n\r\n\r\n<h3 class=\"wp-block-heading\"><span class=\"ez-toc-section\" id=\"Escritorio\"><\/span>Escritorio<span class=\"ez-toc-section-end\"><\/span><\/h3>\r\n\r\n\r\n\r\n<p>En seg\u00fan qu\u00e9 habitaciones, los <a href=\"https:\/\/www.tuco.net\/mesas-de-estudio-y-escritorios-juveniles-61\">escritorios juveniles<\/a> son otro de los elementos que tienen que estar presentes. Para ello, es recomendable que sean <strong>piezas polivalentes<\/strong> y que permitan maximizar el espacio de almacenamiento y, a la vez, sean \u00fatiles y c\u00f3modos para trabajar sobre ellos.\u00a0<\/p>\r\n","protected":false},"excerpt":{"rendered":"<p>Si tenemos que amueblar una habitaci\u00f3n estrecha y larga, es necesario recurrir a la imaginaci\u00f3n y quitar muchos prejuicios e ideas preconcebidas de nuestra mente. Jugar con los colores, las luces, las l\u00edneas\u2026 Todo puede contribuir a aprovechar los espacios en una estancia de este tipo. Especialmente si el p\u00fablico es juvenil. En el siguiente&hellip;&nbsp;<a href=\"https:\/\/www.tuco.net\/blog\/amueblar-una-habitacion-estrecha-y-larga\/\" rel=\"bookmark\">Leer m\u00e1s &raquo;<span class=\"screen-reader-text\">Ideas para amueblar una habitaci\u00f3n estrecha y larga<\/span><\/a><\/p>\n","protected":false},"author":2,"featured_media":958,"comment_status":"closed","ping_status":"open","sticky":false,"template":"","format":"standard","meta":{"neve_meta_sidebar":"","neve_meta_container":"","neve_meta_enable_content_width":"off","neve_meta_content_width":70,"neve_meta_title_alignment":"","neve_meta_author_avatar":"","neve_post_elements_order":"","neve_meta_disable_header":"","neve_meta_disable_footer":"","neve_meta_disable_title":"","footnotes":""},"categories":[5,47],"tags":[],"class_list":["post-954","post","type-post","status-publish","format-standard","has-post-thumbnail","hentry","category-historias-tuqueras","category-inspiracion"],"yoast_head":"<!-- This site is optimized with the Yoast SEO plugin v22.2 - https:\/\/yoast.com\/wordpress\/plugins\/seo\/ -->\n<title>Ideas para amueblar una habitaci\u00f3n estrecha y larga - BLOG<\/title>\n<meta name=\"description\" content=\"Para amueblar una habitaci\u00f3n estrecha y larga, aprovechar hasta el \u00faltimo cent\u00edmetro es vital. La luz y el color ayudan, y m\u00e1s si el uso es juvenil\" \/>\n<meta name=\"robots\" content=\"index, follow, max-snippet:-1, max-image-preview:large, max-video-preview:-1\" \/>\n<link rel=\"canonical\" href=\"https:\/\/www.tuco.net\/blog\/amueblar-una-habitacion-estrecha-y-larga\/\" \/>\n<meta property=\"og:locale\" content=\"es_ES\" \/>\n<meta property=\"og:type\" content=\"article\" \/>\n<meta property=\"og:title\" content=\"Ideas para amueblar una habitaci\u00f3n estrecha y larga - BLOG\" \/>\n<meta property=\"og:description\" content=\"Para amueblar una habitaci\u00f3n estrecha y larga, aprovechar hasta el \u00faltimo cent\u00edmetro es vital. La luz y el color ayudan, y m\u00e1s si el uso es juvenil\" \/>\n<meta property=\"og:url\" content=\"https:\/\/www.tuco.net\/blog\/amueblar-una-habitacion-estrecha-y-larga\/\" \/>\n<meta property=\"og:site_name\" content=\"BLOG\" \/>\n<meta property=\"article:publisher\" content=\"https:\/\/www.facebook.com\/MueblesTuco\/\" \/>\n<meta property=\"article:published_time\" content=\"2023-03-09T06:55:59+00:00\" \/>\n<meta property=\"article:modified_time\" content=\"2024-11-05T13:47:20+00:00\" \/>\n<meta property=\"og:image\" content=\"https:\/\/www.tuco.net\/blog\/wp-content\/uploads\/2023\/03\/litera-tren-duos.jpg\" \/>\n\t<meta property=\"og:image:width\" content=\"1000\" \/>\n\t<meta property=\"og:image:height\" content=\"725\" \/>\n\t<meta property=\"og:image:type\" content=\"image\/jpeg\" \/>\n<meta name=\"author\" content=\"Muebles Tuco\" \/>\n<meta name=\"twitter:card\" content=\"summary_large_image\" \/>\n<meta name=\"twitter:label1\" content=\"Escrito por\" \/>\n\t<meta name=\"twitter:data1\" content=\"Muebles Tuco\" \/>\n\t<meta name=\"twitter:label2\" content=\"Tiempo de lectura\" \/>\n\t<meta name=\"twitter:data2\" content=\"4 minutos\" \/>\n<script type=\"application\/ld+json\" class=\"yoast-schema-graph\">{\"@context\":\"https:\/\/schema.org\",\"@graph\":[{\"@type\":\"Article\",\"@id\":\"https:\/\/www.tuco.net\/blog\/amueblar-una-habitacion-estrecha-y-larga\/#article\",\"isPartOf\":{\"@id\":\"https:\/\/www.tuco.net\/blog\/amueblar-una-habitacion-estrecha-y-larga\/\"},\"author\":{\"name\":\"Muebles Tuco\",\"@id\":\"https:\/\/www.tuco.net\/blog\/#\/schema\/person\/81724cf0a9e7a31f43733195485eb9c3\"},\"headline\":\"Ideas para amueblar una habitaci\u00f3n estrecha y larga\",\"datePublished\":\"2023-03-09T06:55:59+00:00\",\"dateModified\":\"2024-11-05T13:47:20+00:00\",\"mainEntityOfPage\":{\"@id\":\"https:\/\/www.tuco.net\/blog\/amueblar-una-habitacion-estrecha-y-larga\/\"},\"wordCount\":813,\"publisher\":{\"@id\":\"https:\/\/www.tuco.net\/blog\/#organization\"},\"image\":{\"@id\":\"https:\/\/www.tuco.net\/blog\/amueblar-una-habitacion-estrecha-y-larga\/#primaryimage\"},\"thumbnailUrl\":\"https:\/\/www.tuco.net\/blog\/wp-content\/uploads\/2023\/03\/litera-tren-duos.jpg\",\"articleSection\":[\"Historias Tuqueras\",\"Inspiraci\u00f3n\"],\"inLanguage\":\"es\"},{\"@type\":\"WebPage\",\"@id\":\"https:\/\/www.tuco.net\/blog\/amueblar-una-habitacion-estrecha-y-larga\/\",\"url\":\"https:\/\/www.tuco.net\/blog\/amueblar-una-habitacion-estrecha-y-larga\/\",\"name\":\"Ideas para amueblar una habitaci\u00f3n estrecha y larga - BLOG\",\"isPartOf\":{\"@id\":\"https:\/\/www.tuco.net\/blog\/#website\"},\"primaryImageOfPage\":{\"@id\":\"https:\/\/www.tuco.net\/blog\/amueblar-una-habitacion-estrecha-y-larga\/#primaryimage\"},\"image\":{\"@id\":\"https:\/\/www.tuco.net\/blog\/amueblar-una-habitacion-estrecha-y-larga\/#primaryimage\"},\"thumbnailUrl\":\"https:\/\/www.tuco.net\/blog\/wp-content\/uploads\/2023\/03\/litera-tren-duos.jpg\",\"datePublished\":\"2023-03-09T06:55:59+00:00\",\"dateModified\":\"2024-11-05T13:47:20+00:00\",\"description\":\"Para amueblar una habitaci\u00f3n estrecha y larga, aprovechar hasta el \u00faltimo cent\u00edmetro es vital. La luz y el color ayudan, y m\u00e1s si el uso es juvenil\",\"breadcrumb\":{\"@id\":\"https:\/\/www.tuco.net\/blog\/amueblar-una-habitacion-estrecha-y-larga\/#breadcrumb\"},\"inLanguage\":\"es\",\"potentialAction\":[{\"@type\":\"ReadAction\",\"target\":[\"https:\/\/www.tuco.net\/blog\/amueblar-una-habitacion-estrecha-y-larga\/\"]}]},{\"@type\":\"ImageObject\",\"inLanguage\":\"es\",\"@id\":\"https:\/\/www.tuco.net\/blog\/amueblar-una-habitacion-estrecha-y-larga\/#primaryimage\",\"url\":\"https:\/\/www.tuco.net\/blog\/wp-content\/uploads\/2023\/03\/litera-tren-duos.jpg\",\"contentUrl\":\"https:\/\/www.tuco.net\/blog\/wp-content\/uploads\/2023\/03\/litera-tren-duos.jpg\",\"width\":1000,\"height\":725},{\"@type\":\"BreadcrumbList\",\"@id\":\"https:\/\/www.tuco.net\/blog\/amueblar-una-habitacion-estrecha-y-larga\/#breadcrumb\",\"itemListElement\":[{\"@type\":\"ListItem\",\"position\":1,\"name\":\"Portada\",\"item\":\"https:\/\/www.tuco.net\/blog\/\"},{\"@type\":\"ListItem\",\"position\":2,\"name\":\"Ideas para amueblar una habitaci\u00f3n estrecha y larga\"}]},{\"@type\":\"WebSite\",\"@id\":\"https:\/\/www.tuco.net\/blog\/#website\",\"url\":\"https:\/\/www.tuco.net\/blog\/\",\"name\":\"BLOG\",\"description\":\"Blog de tuco.net\",\"publisher\":{\"@id\":\"https:\/\/www.tuco.net\/blog\/#organization\"},\"potentialAction\":[{\"@type\":\"SearchAction\",\"target\":{\"@type\":\"EntryPoint\",\"urlTemplate\":\"https:\/\/www.tuco.net\/blog\/?s={search_term_string}\"},\"query-input\":\"required name=search_term_string\"}],\"inLanguage\":\"es\"},{\"@type\":\"Organization\",\"@id\":\"https:\/\/www.tuco.net\/blog\/#organization\",\"name\":\"BLOG\",\"url\":\"https:\/\/www.tuco.net\/blog\/\",\"logo\":{\"@type\":\"ImageObject\",\"inLanguage\":\"es\",\"@id\":\"https:\/\/www.tuco.net\/blog\/#\/schema\/logo\/image\/\",\"url\":\"https:\/\/www.tuco.net\/blog\/wp-content\/uploads\/2022\/02\/cropped-logo-tuco-circular-1.png\",\"contentUrl\":\"https:\/\/www.tuco.net\/blog\/wp-content\/uploads\/2022\/02\/cropped-logo-tuco-circular-1.png\",\"width\":512,\"height\":512,\"caption\":\"BLOG\"},\"image\":{\"@id\":\"https:\/\/www.tuco.net\/blog\/#\/schema\/logo\/image\/\"},\"sameAs\":[\"https:\/\/www.facebook.com\/MueblesTuco\/\",\"https:\/\/www.instagram.com\/mueblestuco\/?hl=es\"]},{\"@type\":\"Person\",\"@id\":\"https:\/\/www.tuco.net\/blog\/#\/schema\/person\/81724cf0a9e7a31f43733195485eb9c3\",\"name\":\"Muebles Tuco\",\"sameAs\":[\"https:\/\/www.tuco.net\"],\"url\":\"https:\/\/www.tuco.net\/blog\/author\/jana-izaguerrireycorporacion-com\/\"}]}<\/script>\n<!-- \/ Yoast SEO plugin. -->","yoast_head_json":{"title":"Ideas para amueblar una habitaci\u00f3n estrecha y larga - BLOG","description":"Para amueblar una habitaci\u00f3n estrecha y larga, aprovechar hasta el \u00faltimo cent\u00edmetro es vital. La luz y el color ayudan, y m\u00e1s si el uso es juvenil","robots":{"index":"index","follow":"follow","max-snippet":"max-snippet:-1","max-image-preview":"max-image-preview:large","max-video-preview":"max-video-preview:-1"},"canonical":"https:\/\/www.tuco.net\/blog\/amueblar-una-habitacion-estrecha-y-larga\/","og_locale":"es_ES","og_type":"article","og_title":"Ideas para amueblar una habitaci\u00f3n estrecha y larga - BLOG","og_description":"Para amueblar una habitaci\u00f3n estrecha y larga, aprovechar hasta el \u00faltimo cent\u00edmetro es vital. La luz y el color ayudan, y m\u00e1s si el uso es juvenil","og_url":"https:\/\/www.tuco.net\/blog\/amueblar-una-habitacion-estrecha-y-larga\/","og_site_name":"BLOG","article_publisher":"https:\/\/www.facebook.com\/MueblesTuco\/","article_published_time":"2023-03-09T06:55:59+00:00","article_modified_time":"2024-11-05T13:47:20+00:00","og_image":[{"width":1000,"height":725,"url":"https:\/\/www.tuco.net\/blog\/wp-content\/uploads\/2023\/03\/litera-tren-duos.jpg","type":"image\/jpeg"}],"author":"Muebles Tuco","twitter_card":"summary_large_image","twitter_misc":{"Escrito por":"Muebles Tuco","Tiempo de lectura":"4 minutos"},"schema":{"@context":"https:\/\/schema.org","@graph":[{"@type":"Article","@id":"https:\/\/www.tuco.net\/blog\/amueblar-una-habitacion-estrecha-y-larga\/#article","isPartOf":{"@id":"https:\/\/www.tuco.net\/blog\/amueblar-una-habitacion-estrecha-y-larga\/"},"author":{"name":"Muebles Tuco","@id":"https:\/\/www.tuco.net\/blog\/#\/schema\/person\/81724cf0a9e7a31f43733195485eb9c3"},"headline":"Ideas para amueblar una habitaci\u00f3n estrecha y larga","datePublished":"2023-03-09T06:55:59+00:00","dateModified":"2024-11-05T13:47:20+00:00","mainEntityOfPage":{"@id":"https:\/\/www.tuco.net\/blog\/amueblar-una-habitacion-estrecha-y-larga\/"},"wordCount":813,"publisher":{"@id":"https:\/\/www.tuco.net\/blog\/#organization"},"image":{"@id":"https:\/\/www.tuco.net\/blog\/amueblar-una-habitacion-estrecha-y-larga\/#primaryimage"},"thumbnailUrl":"https:\/\/www.tuco.net\/blog\/wp-content\/uploads\/2023\/03\/litera-tren-duos.jpg","articleSection":["Historias Tuqueras","Inspiraci\u00f3n"],"inLanguage":"es"},{"@type":"WebPage","@id":"https:\/\/www.tuco.net\/blog\/amueblar-una-habitacion-estrecha-y-larga\/","url":"https:\/\/www.tuco.net\/blog\/amueblar-una-habitacion-estrecha-y-larga\/","name":"Ideas para amueblar una habitaci\u00f3n estrecha y larga - BLOG","isPartOf":{"@id":"https:\/\/www.tuco.net\/blog\/#website"},"primaryImageOfPage":{"@id":"https:\/\/www.tuco.net\/blog\/amueblar-una-habitacion-estrecha-y-larga\/#primaryimage"},"image":{"@id":"https:\/\/www.tuco.net\/blog\/amueblar-una-habitacion-estrecha-y-larga\/#primaryimage"},"thumbnailUrl":"https:\/\/www.tuco.net\/blog\/wp-content\/uploads\/2023\/03\/litera-tren-duos.jpg","datePublished":"2023-03-09T06:55:59+00:00","dateModified":"2024-11-05T13:47:20+00:00","description":"Para amueblar una habitaci\u00f3n estrecha y larga, aprovechar hasta el \u00faltimo cent\u00edmetro es vital. La luz y el color ayudan, y m\u00e1s si el uso es juvenil","breadcrumb":{"@id":"https:\/\/www.tuco.net\/blog\/amueblar-una-habitacion-estrecha-y-larga\/#breadcrumb"},"inLanguage":"es","potentialAction":[{"@type":"ReadAction","target":["https:\/\/www.tuco.net\/blog\/amueblar-una-habitacion-estrecha-y-larga\/"]}]},{"@type":"ImageObject","inLanguage":"es","@id":"https:\/\/www.tuco.net\/blog\/amueblar-una-habitacion-estrecha-y-larga\/#primaryimage","url":"https:\/\/www.tuco.net\/blog\/wp-content\/uploads\/2023\/03\/litera-tren-duos.jpg","contentUrl":"https:\/\/www.tuco.net\/blog\/wp-content\/uploads\/2023\/03\/litera-tren-duos.jpg","width":1000,"height":725},{"@type":"BreadcrumbList","@id":"https:\/\/www.tuco.net\/blog\/amueblar-una-habitacion-estrecha-y-larga\/#breadcrumb","itemListElement":[{"@type":"ListItem","position":1,"name":"Portada","item":"https:\/\/www.tuco.net\/blog\/"},{"@type":"ListItem","position":2,"name":"Ideas para amueblar una habitaci\u00f3n estrecha y larga"}]},{"@type":"WebSite","@id":"https:\/\/www.tuco.net\/blog\/#website","url":"https:\/\/www.tuco.net\/blog\/","name":"BLOG","description":"Blog de tuco.net","publisher":{"@id":"https:\/\/www.tuco.net\/blog\/#organization"},"potentialAction":[{"@type":"SearchAction","target":{"@type":"EntryPoint","urlTemplate":"https:\/\/www.tuco.net\/blog\/?s={search_term_string}"},"query-input":"required name=search_term_string"}],"inLanguage":"es"},{"@type":"Organization","@id":"https:\/\/www.tuco.net\/blog\/#organization","name":"BLOG","url":"https:\/\/www.tuco.net\/blog\/","logo":{"@type":"ImageObject","inLanguage":"es","@id":"https:\/\/www.tuco.net\/blog\/#\/schema\/logo\/image\/","url":"https:\/\/www.tuco.net\/blog\/wp-content\/uploads\/2022\/02\/cropped-logo-tuco-circular-1.png","contentUrl":"https:\/\/www.tuco.net\/blog\/wp-content\/uploads\/2022\/02\/cropped-logo-tuco-circular-1.png","width":512,"height":512,"caption":"BLOG"},"image":{"@id":"https:\/\/www.tuco.net\/blog\/#\/schema\/logo\/image\/"},"sameAs":["https:\/\/www.facebook.com\/MueblesTuco\/","https:\/\/www.instagram.com\/mueblestuco\/?hl=es"]},{"@type":"Person","@id":"https:\/\/www.tuco.net\/blog\/#\/schema\/person\/81724cf0a9e7a31f43733195485eb9c3","name":"Muebles Tuco","sameAs":["https:\/\/www.tuco.net"],"url":"https:\/\/www.tuco.net\/blog\/author\/jana-izaguerrireycorporacion-com\/"}]}},"_links":{"self":[{"href":"https:\/\/www.tuco.net\/blog\/wp-json\/wp\/v2\/posts\/954","targetHints":{"allow":["GET"]}}],"collection":[{"href":"https:\/\/www.tuco.net\/blog\/wp-json\/wp\/v2\/posts"}],"about":[{"href":"https:\/\/www.tuco.net\/blog\/wp-json\/wp\/v2\/types\/post"}],"author":[{"embeddable":true,"href":"https:\/\/www.tuco.net\/blog\/wp-json\/wp\/v2\/users\/2"}],"replies":[{"embeddable":true,"href":"https:\/\/www.tuco.net\/blog\/wp-json\/wp\/v2\/comments?post=954"}],"version-history":[{"count":4,"href":"https:\/\/www.tuco.net\/blog\/wp-json\/wp\/v2\/posts\/954\/revisions"}],"predecessor-version":[{"id":1744,"href":"https:\/\/www.tuco.net\/blog\/wp-json\/wp\/v2\/posts\/954\/revisions\/1744"}],"wp:featuredmedia":[{"embeddable":true,"href":"https:\/\/www.tuco.net\/blog\/wp-json\/wp\/v2\/media\/958"}],"wp:attachment":[{"href":"https:\/\/www.tuco.net\/blog\/wp-json\/wp\/v2\/media?parent=954"}],"wp:term":[{"taxonomy":"category","embeddable":true,"href":"https:\/\/www.tuco.net\/blog\/wp-json\/wp\/v2\/categories?post=954"},{"taxonomy":"post_tag","embeddable":true,"href":"https:\/\/www.tuco.net\/blog\/wp-json\/wp\/v2\/tags?post=954"}],"curies":[{"name":"wp","href":"https:\/\/api.w.org\/{rel}","templated":true}]}}