{"id":3333,"date":"2026-04-30T07:48:47","date_gmt":"2026-04-30T07:48:47","guid":{"rendered":"https:\/\/www.tuco.net\/blog\/?p=3333"},"modified":"2026-04-30T08:08:41","modified_gmt":"2026-04-30T08:08:41","slug":"como-elegir-el-sofa-perfecto-segun-el-tamano-de-tu-salon","status":"publish","type":"post","link":"https:\/\/www.tuco.net\/blog\/como-elegir-el-sofa-perfecto-segun-el-tamano-de-tu-salon\/","title":{"rendered":"C\u00f3mo elegir el sof\u00e1 perfecto seg\u00fan el tama\u00f1o de tu sal\u00f3n"},"content":{"rendered":"<p><span style=\"font-weight: 400;\"><strong>Escoger sof\u00e1<\/strong> es una<strong> decisi\u00f3n importante<\/strong> en cuanto a la decoraci\u00f3n de interior. Para que todo quede bien, <strong>tiene que encajar <\/strong>perfectamente con las dimensiones de tu sal\u00f3n y <strong>crear una buena armon\u00eda visual<\/strong>. Las medidas son clave: <strong>uno peque\u00f1o pasa desapercibido<\/strong> y no resulta funcional. Es una l\u00e1stima <strong>desaprovechar espacio,<\/strong>\u00a0mientras que<strong> uno grande <\/strong>puede <strong>sobrecargar el espacio<\/strong>. En<strong> Tuco<\/strong> te explicamos c\u00f3mo escoger el tama\u00f1o de <strong>sof\u00e1 ideal para tu sal\u00f3n<\/strong>, ya que hay ciertas medidas que debes conocer.<\/span><\/p>\n<p><span style=\"font-weight: 400;\">Lo primero es <strong>medir tu espacio disponible<\/strong>. No se trata \u00fanicamente de conocer las dimensiones del sof\u00e1 que quieres, sino de saber cu\u00e1nto espacio tienes para\u00a0colocarlo y <\/span><span style=\"font-weight: 400;\"><strong>moverte con facilidad y comodidad<\/strong>. Una regla b\u00e1sica es <strong>dejar al menos medio metro de espacio<\/strong> frente al sof\u00e1, con la finalidad de<strong> poder pasar frente a \u00e9l sin problema.<\/strong><\/span><\/p>\n<p><img loading=\"lazy\" decoding=\"async\" class=\"alignnone size-full wp-image-3340\" src=\"https:\/\/www.tuco.net\/blog\/wp-content\/uploads\/2026\/04\/sofa-cama-nexon.png\" alt=\"vista de frente de sof\u00e1 cama, colocado como sof\u00e1, decorado con cojines y mesa de centro\" width=\"1200\" height=\"800\" srcset=\"https:\/\/www.tuco.net\/blog\/wp-content\/uploads\/2026\/04\/sofa-cama-nexon.png 1200w, https:\/\/www.tuco.net\/blog\/wp-content\/uploads\/2026\/04\/sofa-cama-nexon-300x200.png 300w, https:\/\/www.tuco.net\/blog\/wp-content\/uploads\/2026\/04\/sofa-cama-nexon-1024x683.png 1024w, https:\/\/www.tuco.net\/blog\/wp-content\/uploads\/2026\/04\/sofa-cama-nexon-768x512.png 768w, https:\/\/www.tuco.net\/blog\/wp-content\/uploads\/2026\/04\/sofa-cama-nexon-930x620.png 930w\" sizes=\"auto, (max-width: 1200px) 100vw, 1200px\" \/><\/p>\n<p>&nbsp;<\/p>\n<p><span style=\"font-weight: 400;\">Debes tener en cuenta que, para que <strong>un sof\u00e1<\/strong> quede perfecto, debe ir<strong> acompa\u00f1ado de una mesa de centro<\/strong>.<strong> Consejo Tuco:<\/strong> ten en cuenta siempre<strong> la altura de la mesa de centro<\/strong>. En esta, deber\u00e1s <strong>apoyar los pies<\/strong> con comodidad. Tenemos una<strong><a href=\"https:\/\/www.tuco.net\/mesa-centro-duo-giratoria-tandem-6219.html?\/elige_el_color-terracota\"> mesa de centro con dos alturas<\/a>,<\/strong> perfecta para que toda la familia pueda<strong> apoyar los pies<\/strong>. Si quieres un extra de comodidad, <strong>poner un coj\u00edn debajo<\/strong> de tus pies es fundamental. Escoge cojines que sean<strong> c\u00f3modos y duraderos<\/strong>, como u<strong>n <a href=\"https:\/\/www.tuco.net\/cojin-rectangular-sera-6157.html?\/opciones-ciao_ciao\">coj\u00edn horizontal de poli\u00e9ster.<\/a><\/strong><\/span><\/p>\n<div id=\"ez-toc-container\" class=\"ez-toc-v2_0_63 counter-hierarchy ez-toc-counter ez-toc-custom ez-toc-container-direction\">\n<div class=\"ez-toc-title-container\">\n<p class=\"ez-toc-title \" >Tabla de contenidos<\/p>\n<span class=\"ez-toc-title-toggle\"><a href=\"#\" class=\"ez-toc-pull-right ez-toc-btn ez-toc-btn-xs ez-toc-btn-default ez-toc-toggle\" aria-label=\"Toggle Table of Content\"><span class=\"ez-toc-js-icon-con\"><span class=\"\"><span class=\"eztoc-hide\" style=\"display:none;\">Toggle<\/span><span class=\"ez-toc-icon-toggle-span\"><svg style=\"fill: #545454;color:#545454\" xmlns=\"http:\/\/www.w3.org\/2000\/svg\" class=\"list-377408\" width=\"20px\" height=\"20px\" viewBox=\"0 0 24 24\" fill=\"none\"><path d=\"M6 6H4v2h2V6zm14 0H8v2h12V6zM4 11h2v2H4v-2zm16 0H8v2h12v-2zM4 16h2v2H4v-2zm16 0H8v2h12v-2z\" fill=\"currentColor\"><\/path><\/svg><svg style=\"fill: #545454;color:#545454\" class=\"arrow-unsorted-368013\" xmlns=\"http:\/\/www.w3.org\/2000\/svg\" width=\"10px\" height=\"10px\" viewBox=\"0 0 24 24\" version=\"1.2\" baseProfile=\"tiny\"><path d=\"M18.2 9.3l-6.2-6.3-6.2 6.3c-.2.2-.3.4-.3.7s.1.5.3.7c.2.2.4.3.7.3h11c.3 0 .5-.1.7-.3.2-.2.3-.5.3-.7s-.1-.5-.3-.7zM5.8 14.7l6.2 6.3 6.2-6.3c.2-.2.3-.5.3-.7s-.1-.5-.3-.7c-.2-.2-.4-.3-.7-.3h-11c-.3 0-.5.1-.7.3-.2.2-.3.5-.3.7s.1.5.3.7z\"\/><\/svg><\/span><\/span><\/span><\/a><\/span><\/div>\n<nav><ul class='ez-toc-list ez-toc-list-level-1 ' ><li class='ez-toc-page-1 ez-toc-heading-level-2'><a class=\"ez-toc-link ez-toc-heading-1\" href=\"https:\/\/www.tuco.net\/blog\/como-elegir-el-sofa-perfecto-segun-el-tamano-de-tu-salon\/#Medidas_sofa_chaise_longue\" title=\"Medidas sof\u00e1 chaise longue\">Medidas sof\u00e1 chaise longue<\/a><ul class='ez-toc-list-level-3' ><li class='ez-toc-heading-level-3'><a class=\"ez-toc-link ez-toc-heading-2\" href=\"https:\/\/www.tuco.net\/blog\/como-elegir-el-sofa-perfecto-segun-el-tamano-de-tu-salon\/#Medidas_chaise_longue_pequenos\" title=\"Medidas chaise longue peque\u00f1os\">Medidas chaise longue peque\u00f1os<\/a><\/li><li class='ez-toc-page-1 ez-toc-heading-level-3'><a class=\"ez-toc-link ez-toc-heading-3\" href=\"https:\/\/www.tuco.net\/blog\/como-elegir-el-sofa-perfecto-segun-el-tamano-de-tu-salon\/#Coloca_una_alfombra_para_sofa_chaise_longue\" title=\"Coloca una alfombra para sof\u00e1 chaise longue\">Coloca una alfombra para sof\u00e1 chaise longue<\/a><\/li><\/ul><\/li><li class='ez-toc-page-1 ez-toc-heading-level-2'><a class=\"ez-toc-link ez-toc-heading-4\" href=\"https:\/\/www.tuco.net\/blog\/como-elegir-el-sofa-perfecto-segun-el-tamano-de-tu-salon\/#Medidas_de_sofa_3_plazas\" title=\"Medidas de sof\u00e1 3 plazas\">Medidas de sof\u00e1 3 plazas<\/a><\/li><li class='ez-toc-page-1 ez-toc-heading-level-2'><a class=\"ez-toc-link ez-toc-heading-5\" href=\"https:\/\/www.tuco.net\/blog\/como-elegir-el-sofa-perfecto-segun-el-tamano-de-tu-salon\/#Medidas_sofas_2_plazas\" title=\"Medidas sof\u00e1s 2 plazas\">Medidas sof\u00e1s 2 plazas<\/a><\/li><li class='ez-toc-page-1 ez-toc-heading-level-2'><a class=\"ez-toc-link ez-toc-heading-6\" href=\"https:\/\/www.tuco.net\/blog\/como-elegir-el-sofa-perfecto-segun-el-tamano-de-tu-salon\/#Decorar_un_salon_con_sofa_rinconera\" title=\"Decorar un sal\u00f3n con sof\u00e1 rinconera\">Decorar un sal\u00f3n con sof\u00e1 rinconera<\/a><\/li><li class='ez-toc-page-1 ez-toc-heading-level-2'><a class=\"ez-toc-link ez-toc-heading-7\" href=\"https:\/\/www.tuco.net\/blog\/como-elegir-el-sofa-perfecto-segun-el-tamano-de-tu-salon\/#Como_vestir_un_sofa_cama_como_un_sofa\" title=\"C\u00f3mo vestir un sof\u00e1 cama como un sof\u00e1\">C\u00f3mo vestir un sof\u00e1 cama como un sof\u00e1<\/a><\/li><li class='ez-toc-page-1 ez-toc-heading-level-2'><a class=\"ez-toc-link ez-toc-heading-8\" href=\"https:\/\/www.tuco.net\/blog\/como-elegir-el-sofa-perfecto-segun-el-tamano-de-tu-salon\/#Como_hacer_un_sofa_con_un_somier\" title=\"C\u00f3mo hacer un sof\u00e1 con un somier\">C\u00f3mo hacer un sof\u00e1 con un somier<\/a><\/li><\/ul><\/nav><\/div>\n<h2><span class=\"ez-toc-section\" id=\"Medidas_sofa_chaise_longue\"><\/span><b>Medidas sof\u00e1 chaise longue<\/b><span class=\"ez-toc-section-end\"><\/span><\/h2>\n<p><span style=\"font-weight: 400;\"><strong>El sof\u00e1 chaise longue<\/strong> es una opci\u00f3n muy moderna para quienes buscan un <strong>alto confort<\/strong> <strong>sin renunciar a un estilo elegante<\/strong>. Las medidas de chaise longue son muy variadas y dependen del modelo<strong>. Es clave conocer las medidas de chaise longue<\/strong> antes de comprar.<\/span><\/p>\n<p><span style=\"font-weight: 400;\">Un <strong>chaise longue<\/strong> e<strong>st\u00e1ndar mide entre 250 y 300 cent\u00edmetros de largo.<\/strong> Respecto a la <strong>profundidad<\/strong>, estos suelen medir <strong>entre 150 y 170 cent\u00edmetros,<\/strong> lo que permite tumbarte c\u00f3modamente. <strong>En Tuco<\/strong> tenemos un <strong><a href=\"https:\/\/www.tuco.net\/sofa-chaise-longue-con-arcon-abatible-tempo-4338.html?\/orientacion-chaise_longue_dcha_vista_de_frente\/elige_el_color-hada_beige+\">chaise longue con arc\u00f3n abatible y respaldos reclinables<\/a><\/strong> que encaja con estas medidas y, adem\u00e1s, <strong>aporta ese punto de confort y practicidad.<\/strong><\/span><\/p>\n<h3><span class=\"ez-toc-section\" id=\"Medidas_chaise_longue_pequenos\"><\/span><strong>Medidas chaise longue peque\u00f1os<\/strong><span class=\"ez-toc-section-end\"><\/span><\/h3>\n<p><span style=\"font-weight: 400;\">Si tienes un<strong> sal\u00f3n peque\u00f1o<\/strong>, los<strong> modelos compactos<\/strong> son la soluci\u00f3n perfecta. Puedes optar por un<strong><a href=\"https:\/\/www.tuco.net\/sofa-modular-terminal-con-chaiselongue-tina-6014.html?\/color_tapizado-kongo_02\/opciones-sofa_terminalchaiselongue_vf_izda\"> chaise longue modular<\/a><\/strong> que puedes organizar,<strong> montar y desmontar cuando quieras<\/strong>, con toda la facilidad del mundo. Este chaise longue es <strong>id\u00f3neo para salones peque\u00f1os o estudios<\/strong> donde <strong>cada cent\u00edmetro cuenta.<\/strong> Si necesitas algo m\u00e1s peque\u00f1o, en Tuco puedes comprar un <strong><a href=\"https:\/\/www.tuco.net\/modulo-chaiselongue-con-brazo-para-sofa-modular-tina-6022.html?\/color_tapizado-kongo_10\/opciones-modulo_chaiselongue_vf_izda\">m\u00f3dulo de chaise longue individual<\/a>.<\/strong> Lo \u00fanico que tienes que <strong>tener en cuenta<\/strong> al elegir un <strong>chaise longue peque\u00f1o<\/strong> es que <strong>tenga profundidad suficiente para estar c\u00f3mod<\/strong>o.<\/span><\/p>\n<p><img loading=\"lazy\" decoding=\"async\" class=\"alignnone wp-image-3338\" src=\"https:\/\/www.tuco.net\/blog\/wp-content\/uploads\/2026\/04\/sofa-modular-tina-300x200.png\" alt=\"sof\u00e1 chaise longue terminal, con puf, en sal\u00f3n decorado con cuadros, al lado de una ventana \" width=\"1200\" height=\"800\" srcset=\"https:\/\/www.tuco.net\/blog\/wp-content\/uploads\/2026\/04\/sofa-modular-tina-300x200.png 300w, https:\/\/www.tuco.net\/blog\/wp-content\/uploads\/2026\/04\/sofa-modular-tina-1024x683.png 1024w, https:\/\/www.tuco.net\/blog\/wp-content\/uploads\/2026\/04\/sofa-modular-tina-768x512.png 768w, https:\/\/www.tuco.net\/blog\/wp-content\/uploads\/2026\/04\/sofa-modular-tina-930x620.png 930w, https:\/\/www.tuco.net\/blog\/wp-content\/uploads\/2026\/04\/sofa-modular-tina.png 1200w\" sizes=\"auto, (max-width: 1200px) 100vw, 1200px\" \/><\/p>\n<h3><span class=\"ez-toc-section\" id=\"Coloca_una_alfombra_para_sofa_chaise_longue\"><\/span><b>Coloca una alfombra para sof\u00e1 chaise longue<\/b><span class=\"ez-toc-section-end\"><\/span><\/h3>\n<p><span style=\"font-weight: 400;\">Debes tener en cuenta que<strong> el sof\u00e1<\/strong> deber\u00e1 ir acompa\u00f1ado de alg\u00fan<strong> accesorio decorativo<\/strong>: una <strong>alfombra en el sal\u00f3n,<\/strong> combinada con tu <strong>chaise longue<\/strong>, marcar\u00e1 la diferencia en cuanto a la decoraci\u00f3n de tu casa. <strong>La alfombra<\/strong> debe ser lo suficientemente grande para que todos los muebles, la mesa, los sof\u00e1s, etc., <strong>descansen sobre ella<\/strong>. <strong>En Tuco<\/strong> tenemos una <strong><a href=\"http:\/\/tuco.net\/alfombra-de-poliester-rombo-5477.html\">alfombra de poli\u00e9ster<\/a> <\/strong>ideal para cualquier sal\u00f3n. Para que la alfombra encaje visualmente en tu sal\u00f3n, lo ideal es que se extienda entre <strong>20 y 30 cent\u00edmetros<\/strong> desde los bordes del sof\u00e1.<\/span><\/p>\n<p><span style=\"font-weight: 400;\">Otra opci\u00f3n, si no te gustan las alfombras grandes, es que optes por<strong> alfombras peque\u00f1as<\/strong> para colocar <strong>debajo de alg\u00fan mueble auxiliar<\/strong> peque\u00f1o, por ejemplo, nuestra<a href=\"https:\/\/www.tuco.net\/alfombra-redonda-de-yute-voss-5112.html\"><strong> alfombra redonda<\/strong><\/a>, que aporta un estilo r\u00fastico muy especial a cualquier estancia.<\/span><\/p>\n<h2><span class=\"ez-toc-section\" id=\"Medidas_de_sofa_3_plazas\"><\/span><strong>Medidas de sof\u00e1 3 plazas<\/strong><span class=\"ez-toc-section-end\"><\/span><\/h2>\n<p><span style=\"font-weight: 400;\">El <strong>sof\u00e1 de 3 plazas<\/strong> es el m\u00e1s com\u00fan en los salones familiares. La medida <strong>est\u00e1ndar<\/strong> est\u00e1n <strong>entre 190 y 250 cent\u00edmetros<\/strong> de ancho y, respecto a<strong> la profundidad, entre 80 y 100 cent\u00edmetros.<\/strong><\/span><\/p>\n<p><span style=\"font-weight: 400;\">Para saber si te cabe un<strong><a href=\"https:\/\/www.tuco.net\/sofa-3-plazas-relax-hamer-vintage-3051.html\"> sof\u00e1 de 3 plazas<\/a> <\/strong>en tu sal\u00f3n,<strong> tu estancia debe medir 4 metros de ancho<\/strong>. Si cumples este requisito, quedar\u00e1 perfecto. Si tienes un sal\u00f3n con estas medidas, pero es menos espacioso, opta por u<strong>n <a href=\"https:\/\/www.tuco.net\/sofa-3-plazas-fondo-80-piccolo-4612.html?\/elige_el_color-hada_rosa\">sof\u00e1 de 3 plazas compacto.<\/a><\/strong><\/span><\/p>\n<p>&nbsp;<\/p>\n<p><img loading=\"lazy\" decoding=\"async\" class=\"alignnone size-full wp-image-3342\" src=\"https:\/\/www.tuco.net\/blog\/wp-content\/uploads\/2026\/04\/sofa-3-plazas-vintage.png\" alt=\"vista de frente de sof\u00e1 3 plazas color gris claro con cojines. En un sal\u00f3n decorado con cuadros \" width=\"1200\" height=\"800\" srcset=\"https:\/\/www.tuco.net\/blog\/wp-content\/uploads\/2026\/04\/sofa-3-plazas-vintage.png 1200w, https:\/\/www.tuco.net\/blog\/wp-content\/uploads\/2026\/04\/sofa-3-plazas-vintage-300x200.png 300w, https:\/\/www.tuco.net\/blog\/wp-content\/uploads\/2026\/04\/sofa-3-plazas-vintage-1024x683.png 1024w, https:\/\/www.tuco.net\/blog\/wp-content\/uploads\/2026\/04\/sofa-3-plazas-vintage-768x512.png 768w, https:\/\/www.tuco.net\/blog\/wp-content\/uploads\/2026\/04\/sofa-3-plazas-vintage-930x620.png 930w\" sizes=\"auto, (max-width: 1200px) 100vw, 1200px\" \/><\/p>\n<h2><span class=\"ez-toc-section\" id=\"Medidas_sofas_2_plazas\"><\/span><strong>Medidas sof\u00e1s 2 plazas<\/strong><span class=\"ez-toc-section-end\"><\/span><\/h2>\n<p><span style=\"font-weight: 400;\"><strong><a href=\"https:\/\/www.tuco.net\/sofa-de-2-plazas-estambul-4889.html?\/color_tapizado-gala_azul\">Los sof\u00e1s de 2 plazas<\/a><\/strong> son ideales para los salones peque\u00f1os. <strong>Las medidas<\/strong>\u00a0van <strong>de 130 a 170 cent\u00edmetros de ancho<\/strong>. La profundidad suele ser la misma que la de los sof\u00e1s de 3 plazas, as\u00ed que, para decidirte entre estos dos, la profundidad no es un factor que debas tener en cuenta.<\/span><\/p>\n<p>&nbsp;<\/p>\n<p><img loading=\"lazy\" decoding=\"async\" class=\"alignnone size-full wp-image-3341\" src=\"https:\/\/www.tuco.net\/blog\/wp-content\/uploads\/2026\/04\/sofa-2-plazas-gaudi.png\" alt=\"vista de sof\u00e1 2 plazas azul, en un sal\u00f3n minimalista \" width=\"1200\" height=\"800\" srcset=\"https:\/\/www.tuco.net\/blog\/wp-content\/uploads\/2026\/04\/sofa-2-plazas-gaudi.png 1200w, https:\/\/www.tuco.net\/blog\/wp-content\/uploads\/2026\/04\/sofa-2-plazas-gaudi-300x200.png 300w, https:\/\/www.tuco.net\/blog\/wp-content\/uploads\/2026\/04\/sofa-2-plazas-gaudi-1024x683.png 1024w, https:\/\/www.tuco.net\/blog\/wp-content\/uploads\/2026\/04\/sofa-2-plazas-gaudi-768x512.png 768w, https:\/\/www.tuco.net\/blog\/wp-content\/uploads\/2026\/04\/sofa-2-plazas-gaudi-930x620.png 930w\" sizes=\"auto, (max-width: 1200px) 100vw, 1200px\" \/><\/p>\n<p><span style=\"font-weight: 400;\"><strong>En salones peque\u00f1os<\/strong>, el sof\u00e1 de 2 plazas es la opci\u00f3n m\u00e1s inteligente.<strong> Deja espacio para el paso<\/strong> y permite incluir m\u00e1s muebles y decoraci\u00f3n, como por ejemplo <a href=\"https:\/\/www.tuco.net\/estanteria-nordica-garden-4957.html\"><strong>una estanter\u00eda n\u00f3rdica<\/strong> <\/a>o un <a href=\"https:\/\/www.tuco.net\/mueble-tv-con-patas-metalicas-nude-6206.html\"><strong>mueble de TV amplio<\/strong><\/a>, sin cargar el ambiente.<\/span><\/p>\n<h2><span class=\"ez-toc-section\" id=\"Decorar_un_salon_con_sofa_rinconera\"><\/span><strong>Decorar un sal\u00f3n con sof\u00e1 rinconera<\/strong><span class=\"ez-toc-section-end\"><\/span><\/h2>\n<p><span style=\"font-weight: 400;\"><strong>El sof\u00e1 rinconera<\/strong> es una pieza qu<strong>e optimiza<\/strong> todo el <strong>espacio<\/strong> disponible, ya que posee respaldo en todas sus partes.<strong> Tiene forma de L<\/strong>, lo que permite <strong>aprovechar cada rinc\u00f3n<\/strong> literalmente. El sof\u00e1 rinconera permite crear zonas de <strong>asiento adicionales sin sacrificar espacio.<\/strong> Es perfecto si quieres un s<strong>of\u00e1<\/strong> amplio y pr\u00e1ctico. En<strong> Tuco<\/strong> tenemos un <a href=\"https:\/\/www.tuco.net\/rinconera-5-plazas-con-4-pufs-integrados-las-vegas-4308.html?\/color_tapizado-gala_azul\"><strong>sof\u00e1 rinconera modular de 5 plaza<\/strong>s<\/a> que, con sus pufs integrados, garantiza<strong>\u00a0m\u00e1ximo confort.<\/strong><\/span><\/p>\n<p><span style=\"font-weight: 400;\">La mayor<strong> ventaja del sof\u00e1 rinconera<\/strong> es su capacidad para <strong>crear estancias c\u00f3modas<\/strong> y pr\u00e1cticas en zonas con formas irregulares. Puedes <strong>colocarlo en una esquina<\/strong> y a\u00f1adir una<strong><a href=\"https:\/\/www.tuco.net\/mesa-centro-redonda-elevable-orbit-6217.html?\/color_patas-negro\/color_encimera-artisan\"> mesa de centro peque\u00f1a<\/a><\/strong> a tu gusto para <strong>no sobrecargar.<\/strong><\/span><\/p>\n<h2><span class=\"ez-toc-section\" id=\"Como_vestir_un_sofa_cama_como_un_sofa\"><\/span><strong>C\u00f3mo vestir un sof\u00e1 cama como un sof\u00e1<\/strong><span class=\"ez-toc-section-end\"><\/span><\/h2>\n<p><span style=\"font-weight: 400;\">Si tienes un <strong>sof\u00e1 cama,<\/strong> pero quieres que tenga el aspecto de un sof\u00e1 convencional, la clave est\u00e1 en saber vestirlo para que<strong> parezca uno de toda la vida<\/strong>. La clave e<strong>s a\u00f1adir cojines decorativos<\/strong>, como los <a href=\"https:\/\/www.tuco.net\/cojin-poliester-geo-5917.html?\/elige_el_modelo-modelo_1\"><strong>cojines de poli\u00e9ster<\/strong><\/a>, ideales si quieres conseguir el <strong>efecto de sof\u00e1<\/strong> y un <strong>toque fresco en tu estancia. <\/strong><\/span><\/p>\n<p><span style=\"font-weight: 400;\">Otro elemento fundamental para vestir un sof\u00e1 cama y conseguir que parezca un sof\u00e1 convencional es <strong>a\u00f1adir una <a href=\"https:\/\/www.tuco.net\/mantita-de-sofa-suave-nap-4939.html?\/elige_el_color-gris\">manta suave<\/a>,<\/strong> que <strong>aporta calidad<\/strong> y, adem\u00e1s, puedes<strong> elegirla en varios colores<\/strong> en funci\u00f3n de tu sal\u00f3n<\/span><\/p>\n<p>&nbsp;<\/p>\n<p><img loading=\"lazy\" decoding=\"async\" class=\"alignnone wp-image-3344 size-full\" src=\"https:\/\/www.tuco.net\/blog\/wp-content\/uploads\/2026\/04\/sofa-cama-remy.png\" alt=\"Vista de sof\u00e1 cama color crudo, en sal\u00f3n con mesa de centro y decorado con plantas\" width=\"1200\" height=\"800\" srcset=\"https:\/\/www.tuco.net\/blog\/wp-content\/uploads\/2026\/04\/sofa-cama-remy.png 1200w, https:\/\/www.tuco.net\/blog\/wp-content\/uploads\/2026\/04\/sofa-cama-remy-300x200.png 300w, https:\/\/www.tuco.net\/blog\/wp-content\/uploads\/2026\/04\/sofa-cama-remy-1024x683.png 1024w, https:\/\/www.tuco.net\/blog\/wp-content\/uploads\/2026\/04\/sofa-cama-remy-768x512.png 768w, https:\/\/www.tuco.net\/blog\/wp-content\/uploads\/2026\/04\/sofa-cama-remy-930x620.png 930w\" sizes=\"auto, (max-width: 1200px) 100vw, 1200px\" \/><\/p>\n<h2><span class=\"ez-toc-section\" id=\"Como_hacer_un_sofa_con_un_somier\"><\/span><strong>C\u00f3mo hacer un sof\u00e1 con un somier<\/strong><span class=\"ez-toc-section-end\"><\/span><\/h2>\n<p><span style=\"font-weight: 400;\"><strong><a href=\"https:\/\/www.tuco.net\/t95efm15-somier-laminas-europa-149.html?\/medidas-135_x_190_cm\">Un somier<\/a>,<\/strong> con creatividad, puede convertirse en un sof\u00e1 funcional. Si tienes un somier en desuso, <strong>puedes darle una segunda vida<\/strong> y <strong>transformarlo<\/strong> en la pieza que buscas. Es una soluci\u00f3n perfecta para espacios peque\u00f1os o una soluci\u00f3n para los <strong>bolsillos m\u00e1s ajustados.<\/strong><\/span><\/p>\n<p><span style=\"font-weight: 400;\">La forma es muy sencilla: <strong>tienes que poner el somier de lado<\/strong>, luego coloca<strong>r <a href=\"https:\/\/www.tuco.net\/cojin-rectangular-nuba-5920.html\">cojines gruesos<\/a><\/strong> para que hagan de respaldo y asiento y, por \u00faltimo, <strong>a\u00f1adir patas de mueble<\/strong> para elevar la pieza final.<\/span><\/p>\n<p><span style=\"font-weight: 400;\"><strong>Antes de comprar un sof\u00e1<\/strong>, recuerda tener en cuenta las medidas de tu sal\u00f3n, los distintos tipos de sof\u00e1s que existen y las medidas de estos<a href=\"https:\/\/www.tuco.net\/sofas-modernos-35\"><strong>. En<\/strong> <strong>Tuco tenemos todo tipo de sof\u00e1s modernos<\/strong><\/a><strong>.<\/strong> <strong>Busca uno que se adapte a tu estancia y a tu estilo.<\/strong><\/span><\/p>\n<p><strong>Why not?<\/strong><\/p>\n","protected":false},"excerpt":{"rendered":"<p>Escoger sof\u00e1 es una decisi\u00f3n importante en cuanto a la decoraci\u00f3n de interior. Para que todo quede bien, tiene que encajar perfectamente con las dimensiones de tu sal\u00f3n y crear una buena armon\u00eda visual. Las medidas son clave: uno peque\u00f1o pasa desapercibido y no resulta funcional. Es una l\u00e1stima desaprovechar espacio,\u00a0mientras que uno grande puede&hellip;&nbsp;<a href=\"https:\/\/www.tuco.net\/blog\/como-elegir-el-sofa-perfecto-segun-el-tamano-de-tu-salon\/\" rel=\"bookmark\">Leer m\u00e1s &raquo;<span class=\"screen-reader-text\">C\u00f3mo elegir el sof\u00e1 perfecto seg\u00fan el tama\u00f1o de tu sal\u00f3n<\/span><\/a><\/p>\n","protected":false},"author":9,"featured_media":3346,"comment_status":"closed","ping_status":"closed","sticky":false,"template":"","format":"standard","meta":{"neve_meta_sidebar":"","neve_meta_container":"","neve_meta_enable_content_width":"off","neve_meta_content_width":70,"neve_meta_title_alignment":"","neve_meta_author_avatar":"","neve_post_elements_order":"","neve_meta_disable_header":"","neve_meta_disable_footer":"","neve_meta_disable_title":"","footnotes":""},"categories":[7],"tags":[91,92,88,87,89,90],"class_list":["post-3333","post","type-post","status-publish","format-standard","has-post-thumbnail","hentry","category-entradas","tag-chaise-longue","tag-elegir-sofa","tag-medidas-sofa","tag-sofa","tag-sofa-2-plazas","tag-sofa-3-plazas"],"yoast_head":"<!-- This site is optimized with the Yoast SEO plugin v22.2 - https:\/\/yoast.com\/wordpress\/plugins\/seo\/ -->\n<title>C\u00f3mo elegir el sof\u00e1 perfecto seg\u00fan el tama\u00f1o de tu sal\u00f3n - BLOG<\/title>\n<meta name=\"description\" content=\"Elegir sof\u00e1 es una decisi\u00f3n importante en cuanto a la decoraci\u00f3n de interior. En Tuco te explicamos c\u00f3mo escoger el tama\u00f1o de sof\u00e1 ideal.\" \/>\n<meta name=\"robots\" content=\"index, follow, max-snippet:-1, max-image-preview:large, max-video-preview:-1\" \/>\n<link rel=\"canonical\" href=\"https:\/\/www.tuco.net\/blog\/como-elegir-el-sofa-perfecto-segun-el-tamano-de-tu-salon\/\" \/>\n<meta property=\"og:locale\" content=\"es_ES\" \/>\n<meta property=\"og:type\" content=\"article\" \/>\n<meta property=\"og:title\" content=\"C\u00f3mo elegir el sof\u00e1 perfecto seg\u00fan el tama\u00f1o de tu sal\u00f3n - BLOG\" \/>\n<meta property=\"og:description\" content=\"Elegir sof\u00e1 es una decisi\u00f3n importante en cuanto a la decoraci\u00f3n de interior. En Tuco te explicamos c\u00f3mo escoger el tama\u00f1o de sof\u00e1 ideal.\" \/>\n<meta property=\"og:url\" content=\"https:\/\/www.tuco.net\/blog\/como-elegir-el-sofa-perfecto-segun-el-tamano-de-tu-salon\/\" \/>\n<meta property=\"og:site_name\" content=\"BLOG\" \/>\n<meta property=\"article:publisher\" content=\"https:\/\/www.facebook.com\/MueblesTuco\/\" \/>\n<meta property=\"article:published_time\" content=\"2026-04-30T07:48:47+00:00\" \/>\n<meta property=\"article:modified_time\" content=\"2026-04-30T08:08:41+00:00\" \/>\n<meta property=\"og:image\" content=\"https:\/\/www.tuco.net\/blog\/wp-content\/uploads\/2026\/04\/sofa-cama-limra.png\" \/>\n\t<meta property=\"og:image:width\" content=\"1200\" \/>\n\t<meta property=\"og:image:height\" content=\"800\" \/>\n\t<meta property=\"og:image:type\" content=\"image\/png\" \/>\n<meta name=\"author\" content=\"Arturo\" \/>\n<meta name=\"twitter:card\" content=\"summary_large_image\" \/>\n<meta name=\"twitter:label1\" content=\"Escrito por\" \/>\n\t<meta name=\"twitter:data1\" content=\"Arturo\" \/>\n\t<meta name=\"twitter:label2\" content=\"Tiempo de lectura\" \/>\n\t<meta name=\"twitter:data2\" content=\"7 minutos\" \/>\n<script type=\"application\/ld+json\" class=\"yoast-schema-graph\">{\"@context\":\"https:\/\/schema.org\",\"@graph\":[{\"@type\":\"Article\",\"@id\":\"https:\/\/www.tuco.net\/blog\/como-elegir-el-sofa-perfecto-segun-el-tamano-de-tu-salon\/#article\",\"isPartOf\":{\"@id\":\"https:\/\/www.tuco.net\/blog\/como-elegir-el-sofa-perfecto-segun-el-tamano-de-tu-salon\/\"},\"author\":{\"name\":\"Arturo\",\"@id\":\"https:\/\/www.tuco.net\/blog\/#\/schema\/person\/774bd533e736ab9402ab4329f0730751\"},\"headline\":\"C\u00f3mo elegir el sof\u00e1 perfecto seg\u00fan el tama\u00f1o de tu sal\u00f3n\",\"datePublished\":\"2026-04-30T07:48:47+00:00\",\"dateModified\":\"2026-04-30T08:08:41+00:00\",\"mainEntityOfPage\":{\"@id\":\"https:\/\/www.tuco.net\/blog\/como-elegir-el-sofa-perfecto-segun-el-tamano-de-tu-salon\/\"},\"wordCount\":1171,\"publisher\":{\"@id\":\"https:\/\/www.tuco.net\/blog\/#organization\"},\"image\":{\"@id\":\"https:\/\/www.tuco.net\/blog\/como-elegir-el-sofa-perfecto-segun-el-tamano-de-tu-salon\/#primaryimage\"},\"thumbnailUrl\":\"https:\/\/www.tuco.net\/blog\/wp-content\/uploads\/2026\/04\/sofa-cama-limra.png\",\"keywords\":[\"chaise longue\",\"elegir sof\u00e1\",\"medidas sof\u00e1\",\"sof\u00e1\",\"sof\u00e1 2 plazas\",\"sof\u00e1 3 plazas\"],\"articleSection\":[\"Art\u00edculos del blog de Tuco\"],\"inLanguage\":\"es\"},{\"@type\":\"WebPage\",\"@id\":\"https:\/\/www.tuco.net\/blog\/como-elegir-el-sofa-perfecto-segun-el-tamano-de-tu-salon\/\",\"url\":\"https:\/\/www.tuco.net\/blog\/como-elegir-el-sofa-perfecto-segun-el-tamano-de-tu-salon\/\",\"name\":\"C\u00f3mo elegir el sof\u00e1 perfecto seg\u00fan el tama\u00f1o de tu sal\u00f3n - BLOG\",\"isPartOf\":{\"@id\":\"https:\/\/www.tuco.net\/blog\/#website\"},\"primaryImageOfPage\":{\"@id\":\"https:\/\/www.tuco.net\/blog\/como-elegir-el-sofa-perfecto-segun-el-tamano-de-tu-salon\/#primaryimage\"},\"image\":{\"@id\":\"https:\/\/www.tuco.net\/blog\/como-elegir-el-sofa-perfecto-segun-el-tamano-de-tu-salon\/#primaryimage\"},\"thumbnailUrl\":\"https:\/\/www.tuco.net\/blog\/wp-content\/uploads\/2026\/04\/sofa-cama-limra.png\",\"datePublished\":\"2026-04-30T07:48:47+00:00\",\"dateModified\":\"2026-04-30T08:08:41+00:00\",\"description\":\"Elegir sof\u00e1 es una decisi\u00f3n importante en cuanto a la decoraci\u00f3n de interior. En Tuco te explicamos c\u00f3mo escoger el tama\u00f1o de sof\u00e1 ideal.\",\"breadcrumb\":{\"@id\":\"https:\/\/www.tuco.net\/blog\/como-elegir-el-sofa-perfecto-segun-el-tamano-de-tu-salon\/#breadcrumb\"},\"inLanguage\":\"es\",\"potentialAction\":[{\"@type\":\"ReadAction\",\"target\":[\"https:\/\/www.tuco.net\/blog\/como-elegir-el-sofa-perfecto-segun-el-tamano-de-tu-salon\/\"]}]},{\"@type\":\"ImageObject\",\"inLanguage\":\"es\",\"@id\":\"https:\/\/www.tuco.net\/blog\/como-elegir-el-sofa-perfecto-segun-el-tamano-de-tu-salon\/#primaryimage\",\"url\":\"https:\/\/www.tuco.net\/blog\/wp-content\/uploads\/2026\/04\/sofa-cama-limra.png\",\"contentUrl\":\"https:\/\/www.tuco.net\/blog\/wp-content\/uploads\/2026\/04\/sofa-cama-limra.png\",\"width\":1200,\"height\":800,\"caption\":\"Vista de frente de sof\u00e1 cama, puesto como sof\u00e1 con cojines.\"},{\"@type\":\"BreadcrumbList\",\"@id\":\"https:\/\/www.tuco.net\/blog\/como-elegir-el-sofa-perfecto-segun-el-tamano-de-tu-salon\/#breadcrumb\",\"itemListElement\":[{\"@type\":\"ListItem\",\"position\":1,\"name\":\"Portada\",\"item\":\"https:\/\/www.tuco.net\/blog\/\"},{\"@type\":\"ListItem\",\"position\":2,\"name\":\"C\u00f3mo elegir el sof\u00e1 perfecto seg\u00fan el tama\u00f1o de tu sal\u00f3n\"}]},{\"@type\":\"WebSite\",\"@id\":\"https:\/\/www.tuco.net\/blog\/#website\",\"url\":\"https:\/\/www.tuco.net\/blog\/\",\"name\":\"BLOG\",\"description\":\"Blog de tuco.net\",\"publisher\":{\"@id\":\"https:\/\/www.tuco.net\/blog\/#organization\"},\"potentialAction\":[{\"@type\":\"SearchAction\",\"target\":{\"@type\":\"EntryPoint\",\"urlTemplate\":\"https:\/\/www.tuco.net\/blog\/?s={search_term_string}\"},\"query-input\":\"required name=search_term_string\"}],\"inLanguage\":\"es\"},{\"@type\":\"Organization\",\"@id\":\"https:\/\/www.tuco.net\/blog\/#organization\",\"name\":\"BLOG\",\"url\":\"https:\/\/www.tuco.net\/blog\/\",\"logo\":{\"@type\":\"ImageObject\",\"inLanguage\":\"es\",\"@id\":\"https:\/\/www.tuco.net\/blog\/#\/schema\/logo\/image\/\",\"url\":\"https:\/\/www.tuco.net\/blog\/wp-content\/uploads\/2022\/02\/cropped-logo-tuco-circular-1.png\",\"contentUrl\":\"https:\/\/www.tuco.net\/blog\/wp-content\/uploads\/2022\/02\/cropped-logo-tuco-circular-1.png\",\"width\":512,\"height\":512,\"caption\":\"BLOG\"},\"image\":{\"@id\":\"https:\/\/www.tuco.net\/blog\/#\/schema\/logo\/image\/\"},\"sameAs\":[\"https:\/\/www.facebook.com\/MueblesTuco\/\",\"https:\/\/www.instagram.com\/mueblestuco\/?hl=es\"]},{\"@type\":\"Person\",\"@id\":\"https:\/\/www.tuco.net\/blog\/#\/schema\/person\/774bd533e736ab9402ab4329f0730751\",\"name\":\"Arturo\",\"url\":\"https:\/\/www.tuco.net\/blog\/author\/arturo\/\"}]}<\/script>\n<!-- \/ Yoast SEO plugin. -->","yoast_head_json":{"title":"C\u00f3mo elegir el sof\u00e1 perfecto seg\u00fan el tama\u00f1o de tu sal\u00f3n - BLOG","description":"Elegir sof\u00e1 es una decisi\u00f3n importante en cuanto a la decoraci\u00f3n de interior. En Tuco te explicamos c\u00f3mo escoger el tama\u00f1o de sof\u00e1 ideal.","robots":{"index":"index","follow":"follow","max-snippet":"max-snippet:-1","max-image-preview":"max-image-preview:large","max-video-preview":"max-video-preview:-1"},"canonical":"https:\/\/www.tuco.net\/blog\/como-elegir-el-sofa-perfecto-segun-el-tamano-de-tu-salon\/","og_locale":"es_ES","og_type":"article","og_title":"C\u00f3mo elegir el sof\u00e1 perfecto seg\u00fan el tama\u00f1o de tu sal\u00f3n - BLOG","og_description":"Elegir sof\u00e1 es una decisi\u00f3n importante en cuanto a la decoraci\u00f3n de interior. En Tuco te explicamos c\u00f3mo escoger el tama\u00f1o de sof\u00e1 ideal.","og_url":"https:\/\/www.tuco.net\/blog\/como-elegir-el-sofa-perfecto-segun-el-tamano-de-tu-salon\/","og_site_name":"BLOG","article_publisher":"https:\/\/www.facebook.com\/MueblesTuco\/","article_published_time":"2026-04-30T07:48:47+00:00","article_modified_time":"2026-04-30T08:08:41+00:00","og_image":[{"width":1200,"height":800,"url":"https:\/\/www.tuco.net\/blog\/wp-content\/uploads\/2026\/04\/sofa-cama-limra.png","type":"image\/png"}],"author":"Arturo","twitter_card":"summary_large_image","twitter_misc":{"Escrito por":"Arturo","Tiempo de lectura":"7 minutos"},"schema":{"@context":"https:\/\/schema.org","@graph":[{"@type":"Article","@id":"https:\/\/www.tuco.net\/blog\/como-elegir-el-sofa-perfecto-segun-el-tamano-de-tu-salon\/#article","isPartOf":{"@id":"https:\/\/www.tuco.net\/blog\/como-elegir-el-sofa-perfecto-segun-el-tamano-de-tu-salon\/"},"author":{"name":"Arturo","@id":"https:\/\/www.tuco.net\/blog\/#\/schema\/person\/774bd533e736ab9402ab4329f0730751"},"headline":"C\u00f3mo elegir el sof\u00e1 perfecto seg\u00fan el tama\u00f1o de tu sal\u00f3n","datePublished":"2026-04-30T07:48:47+00:00","dateModified":"2026-04-30T08:08:41+00:00","mainEntityOfPage":{"@id":"https:\/\/www.tuco.net\/blog\/como-elegir-el-sofa-perfecto-segun-el-tamano-de-tu-salon\/"},"wordCount":1171,"publisher":{"@id":"https:\/\/www.tuco.net\/blog\/#organization"},"image":{"@id":"https:\/\/www.tuco.net\/blog\/como-elegir-el-sofa-perfecto-segun-el-tamano-de-tu-salon\/#primaryimage"},"thumbnailUrl":"https:\/\/www.tuco.net\/blog\/wp-content\/uploads\/2026\/04\/sofa-cama-limra.png","keywords":["chaise longue","elegir sof\u00e1","medidas sof\u00e1","sof\u00e1","sof\u00e1 2 plazas","sof\u00e1 3 plazas"],"articleSection":["Art\u00edculos del blog de Tuco"],"inLanguage":"es"},{"@type":"WebPage","@id":"https:\/\/www.tuco.net\/blog\/como-elegir-el-sofa-perfecto-segun-el-tamano-de-tu-salon\/","url":"https:\/\/www.tuco.net\/blog\/como-elegir-el-sofa-perfecto-segun-el-tamano-de-tu-salon\/","name":"C\u00f3mo elegir el sof\u00e1 perfecto seg\u00fan el tama\u00f1o de tu sal\u00f3n - BLOG","isPartOf":{"@id":"https:\/\/www.tuco.net\/blog\/#website"},"primaryImageOfPage":{"@id":"https:\/\/www.tuco.net\/blog\/como-elegir-el-sofa-perfecto-segun-el-tamano-de-tu-salon\/#primaryimage"},"image":{"@id":"https:\/\/www.tuco.net\/blog\/como-elegir-el-sofa-perfecto-segun-el-tamano-de-tu-salon\/#primaryimage"},"thumbnailUrl":"https:\/\/www.tuco.net\/blog\/wp-content\/uploads\/2026\/04\/sofa-cama-limra.png","datePublished":"2026-04-30T07:48:47+00:00","dateModified":"2026-04-30T08:08:41+00:00","description":"Elegir sof\u00e1 es una decisi\u00f3n importante en cuanto a la decoraci\u00f3n de interior. En Tuco te explicamos c\u00f3mo escoger el tama\u00f1o de sof\u00e1 ideal.","breadcrumb":{"@id":"https:\/\/www.tuco.net\/blog\/como-elegir-el-sofa-perfecto-segun-el-tamano-de-tu-salon\/#breadcrumb"},"inLanguage":"es","potentialAction":[{"@type":"ReadAction","target":["https:\/\/www.tuco.net\/blog\/como-elegir-el-sofa-perfecto-segun-el-tamano-de-tu-salon\/"]}]},{"@type":"ImageObject","inLanguage":"es","@id":"https:\/\/www.tuco.net\/blog\/como-elegir-el-sofa-perfecto-segun-el-tamano-de-tu-salon\/#primaryimage","url":"https:\/\/www.tuco.net\/blog\/wp-content\/uploads\/2026\/04\/sofa-cama-limra.png","contentUrl":"https:\/\/www.tuco.net\/blog\/wp-content\/uploads\/2026\/04\/sofa-cama-limra.png","width":1200,"height":800,"caption":"Vista de frente de sof\u00e1 cama, puesto como sof\u00e1 con cojines."},{"@type":"BreadcrumbList","@id":"https:\/\/www.tuco.net\/blog\/como-elegir-el-sofa-perfecto-segun-el-tamano-de-tu-salon\/#breadcrumb","itemListElement":[{"@type":"ListItem","position":1,"name":"Portada","item":"https:\/\/www.tuco.net\/blog\/"},{"@type":"ListItem","position":2,"name":"C\u00f3mo elegir el sof\u00e1 perfecto seg\u00fan el tama\u00f1o de tu sal\u00f3n"}]},{"@type":"WebSite","@id":"https:\/\/www.tuco.net\/blog\/#website","url":"https:\/\/www.tuco.net\/blog\/","name":"BLOG","description":"Blog de tuco.net","publisher":{"@id":"https:\/\/www.tuco.net\/blog\/#organization"},"potentialAction":[{"@type":"SearchAction","target":{"@type":"EntryPoint","urlTemplate":"https:\/\/www.tuco.net\/blog\/?s={search_term_string}"},"query-input":"required name=search_term_string"}],"inLanguage":"es"},{"@type":"Organization","@id":"https:\/\/www.tuco.net\/blog\/#organization","name":"BLOG","url":"https:\/\/www.tuco.net\/blog\/","logo":{"@type":"ImageObject","inLanguage":"es","@id":"https:\/\/www.tuco.net\/blog\/#\/schema\/logo\/image\/","url":"https:\/\/www.tuco.net\/blog\/wp-content\/uploads\/2022\/02\/cropped-logo-tuco-circular-1.png","contentUrl":"https:\/\/www.tuco.net\/blog\/wp-content\/uploads\/2022\/02\/cropped-logo-tuco-circular-1.png","width":512,"height":512,"caption":"BLOG"},"image":{"@id":"https:\/\/www.tuco.net\/blog\/#\/schema\/logo\/image\/"},"sameAs":["https:\/\/www.facebook.com\/MueblesTuco\/","https:\/\/www.instagram.com\/mueblestuco\/?hl=es"]},{"@type":"Person","@id":"https:\/\/www.tuco.net\/blog\/#\/schema\/person\/774bd533e736ab9402ab4329f0730751","name":"Arturo","url":"https:\/\/www.tuco.net\/blog\/author\/arturo\/"}]}},"_links":{"self":[{"href":"https:\/\/www.tuco.net\/blog\/wp-json\/wp\/v2\/posts\/3333","targetHints":{"allow":["GET"]}}],"collection":[{"href":"https:\/\/www.tuco.net\/blog\/wp-json\/wp\/v2\/posts"}],"about":[{"href":"https:\/\/www.tuco.net\/blog\/wp-json\/wp\/v2\/types\/post"}],"author":[{"embeddable":true,"href":"https:\/\/www.tuco.net\/blog\/wp-json\/wp\/v2\/users\/9"}],"replies":[{"embeddable":true,"href":"https:\/\/www.tuco.net\/blog\/wp-json\/wp\/v2\/comments?post=3333"}],"version-history":[{"count":12,"href":"https:\/\/www.tuco.net\/blog\/wp-json\/wp\/v2\/posts\/3333\/revisions"}],"predecessor-version":[{"id":3352,"href":"https:\/\/www.tuco.net\/blog\/wp-json\/wp\/v2\/posts\/3333\/revisions\/3352"}],"wp:featuredmedia":[{"embeddable":true,"href":"https:\/\/www.tuco.net\/blog\/wp-json\/wp\/v2\/media\/3346"}],"wp:attachment":[{"href":"https:\/\/www.tuco.net\/blog\/wp-json\/wp\/v2\/media?parent=3333"}],"wp:term":[{"taxonomy":"category","embeddable":true,"href":"https:\/\/www.tuco.net\/blog\/wp-json\/wp\/v2\/categories?post=3333"},{"taxonomy":"post_tag","embeddable":true,"href":"https:\/\/www.tuco.net\/blog\/wp-json\/wp\/v2\/tags?post=3333"}],"curies":[{"name":"wp","href":"https:\/\/api.w.org\/{rel}","templated":true}]}}