{"id":2944,"date":"2026-01-20T10:30:02","date_gmt":"2026-01-20T10:30:02","guid":{"rendered":"https:\/\/www.tuco.net\/blog\/?p=2944"},"modified":"2026-01-20T10:31:10","modified_gmt":"2026-01-20T10:31:10","slug":"5-tips-para-elegir-tu-sofa-y-no-equivocarte-en-el-intento","status":"publish","type":"post","link":"https:\/\/www.tuco.net\/blog\/5-tips-para-elegir-tu-sofa-y-no-equivocarte-en-el-intento\/","title":{"rendered":"5 tips para elegir tu sof\u00e1, y no fallar en tu elecci\u00f3n"},"content":{"rendered":"<h1><span class=\"ez-toc-section\" id=\"Como_elegir_un_sofa_sin_volverte_loca_5_tips_reales_para_salones_reales\"><\/span>C\u00f3mo elegir un sof\u00e1 sin volverte loca: 5 tips reales para salones reales<span class=\"ez-toc-section-end\"><\/span><\/h1>\n<p>Elegir un sof\u00e1 parece f\u00e1cil\u2026 hasta que empiezas a hacerlo. Mides, vuelves a medir, guardas referencias, miras cat\u00e1logos y aun as\u00ed dudas: \u00bfser\u00e1 demasiado grande?, \u00bfmuy profundo?, \u00bfencajar\u00e1 de verdad en el sal\u00f3n?<\/p>\n<p>En Tuco creemos que el problema no es que no sepas elegir sof\u00e1. El problema es que muchas veces te hablan de sof\u00e1s\u2026 sin hablar de c\u00f3mo se vive el espacio. Porque un sof\u00e1 no es solo un mueble: es donde te sientas cinco minutos\u2026 y donde acabas pasando horas. Donde llegan visitas, donde te tumbas sin pensar, donde cambia la vida.<\/p>\n<p>Por eso, aqu\u00ed van 5 tips reales para elegir tu sof\u00e1 (casas reales, salones reales y cero dramas). Porque si cambiar es pan comido\u2026 Why not empezar por el sof\u00e1?<\/p>\n<div id=\"ez-toc-container\" class=\"ez-toc-v2_0_63 counter-hierarchy ez-toc-counter ez-toc-custom ez-toc-container-direction\">\n<div class=\"ez-toc-title-container\">\n<p class=\"ez-toc-title \" >Tabla de contenidos<\/p>\n<span class=\"ez-toc-title-toggle\"><a href=\"#\" class=\"ez-toc-pull-right ez-toc-btn ez-toc-btn-xs ez-toc-btn-default ez-toc-toggle\" aria-label=\"Toggle Table of Content\"><span class=\"ez-toc-js-icon-con\"><span class=\"\"><span class=\"eztoc-hide\" style=\"display:none;\">Toggle<\/span><span class=\"ez-toc-icon-toggle-span\"><svg style=\"fill: #545454;color:#545454\" xmlns=\"http:\/\/www.w3.org\/2000\/svg\" class=\"list-377408\" width=\"20px\" height=\"20px\" viewBox=\"0 0 24 24\" fill=\"none\"><path d=\"M6 6H4v2h2V6zm14 0H8v2h12V6zM4 11h2v2H4v-2zm16 0H8v2h12v-2zM4 16h2v2H4v-2zm16 0H8v2h12v-2z\" fill=\"currentColor\"><\/path><\/svg><svg style=\"fill: #545454;color:#545454\" class=\"arrow-unsorted-368013\" xmlns=\"http:\/\/www.w3.org\/2000\/svg\" width=\"10px\" height=\"10px\" viewBox=\"0 0 24 24\" version=\"1.2\" baseProfile=\"tiny\"><path d=\"M18.2 9.3l-6.2-6.3-6.2 6.3c-.2.2-.3.4-.3.7s.1.5.3.7c.2.2.4.3.7.3h11c.3 0 .5-.1.7-.3.2-.2.3-.5.3-.7s-.1-.5-.3-.7zM5.8 14.7l6.2 6.3 6.2-6.3c.2-.2.3-.5.3-.7s-.1-.5-.3-.7c-.2-.2-.4-.3-.7-.3h-11c-.3 0-.5.1-.7.3-.2.2-.3.5-.3.7s.1.5.3.7z\"\/><\/svg><\/span><\/span><\/span><\/a><\/span><\/div>\n<nav><ul class='ez-toc-list ez-toc-list-level-1 ' ><li class='ez-toc-page-1 ez-toc-heading-level-1'><a class=\"ez-toc-link ez-toc-heading-1\" href=\"https:\/\/www.tuco.net\/blog\/5-tips-para-elegir-tu-sofa-y-no-equivocarte-en-el-intento\/#Como_elegir_un_sofa_sin_volverte_loca_5_tips_reales_para_salones_reales\" title=\"C\u00f3mo elegir un sof\u00e1 sin volverte loca: 5 tips reales para salones reales\">C\u00f3mo elegir un sof\u00e1 sin volverte loca: 5 tips reales para salones reales<\/a><ul class='ez-toc-list-level-2' ><li class='ez-toc-heading-level-2'><a class=\"ez-toc-link ez-toc-heading-2\" href=\"https:\/\/www.tuco.net\/blog\/5-tips-para-elegir-tu-sofa-y-no-equivocarte-en-el-intento\/#1_Antes_de_elegir_como_quieres_vivir_tu_salon\" title=\"1. Antes de elegir: c\u00f3mo quieres vivir tu sal\u00f3n\">1. Antes de elegir: c\u00f3mo quieres vivir tu sal\u00f3n<\/a><ul class='ez-toc-list-level-3' ><li class='ez-toc-heading-level-3'><a class=\"ez-toc-link ez-toc-heading-3\" href=\"https:\/\/www.tuco.net\/blog\/5-tips-para-elegir-tu-sofa-y-no-equivocarte-en-el-intento\/#Tip_1_No_solo_midas_el_sofa_mide_el_aire\" title=\"Tip 1: No solo midas el sof\u00e1, mide el aire\">Tip 1: No solo midas el sof\u00e1, mide el aire<\/a><\/li><li class='ez-toc-page-1 ez-toc-heading-level-3'><a class=\"ez-toc-link ez-toc-heading-4\" href=\"https:\/\/www.tuco.net\/blog\/5-tips-para-elegir-tu-sofa-y-no-equivocarte-en-el-intento\/#Tip_2_Sofa_alfombra_un_mismo_puzzle\" title=\"Tip 2: Sof\u00e1 + alfombra = un mismo puzzle\">Tip 2: Sof\u00e1 + alfombra = un mismo puzzle<\/a><\/li><li class='ez-toc-page-1 ez-toc-heading-level-3'><a class=\"ez-toc-link ez-toc-heading-5\" href=\"https:\/\/www.tuco.net\/blog\/5-tips-para-elegir-tu-sofa-y-no-equivocarte-en-el-intento\/#Tip_3_Ojo_con_la_profundidad_sobre_todo_en_salones_pequenos\" title=\"Tip 3: Ojo con la profundidad (sobre todo en salones peque\u00f1os)\">Tip 3: Ojo con la profundidad (sobre todo en salones peque\u00f1os)<\/a><\/li><li class='ez-toc-page-1 ez-toc-heading-level-3'><a class=\"ez-toc-link ez-toc-heading-6\" href=\"https:\/\/www.tuco.net\/blog\/5-tips-para-elegir-tu-sofa-y-no-equivocarte-en-el-intento\/#Tip_4_La_altura_del_respaldo_cambia_el_salon\" title=\"Tip 4: La altura del respaldo cambia el sal\u00f3n\">Tip 4: La altura del respaldo cambia el sal\u00f3n<\/a><\/li><li class='ez-toc-page-1 ez-toc-heading-level-3'><a class=\"ez-toc-link ez-toc-heading-7\" href=\"https:\/\/www.tuco.net\/blog\/5-tips-para-elegir-tu-sofa-y-no-equivocarte-en-el-intento\/#Tip_5_Que_el_sofa_se_adapte_a_tu_casa_y_no_al_reves\" title=\"Tip 5: Que el sof\u00e1 se adapte a tu casa (y no al rev\u00e9s)\">Tip 5: Que el sof\u00e1 se adapte a tu casa (y no al rev\u00e9s)<\/a><\/li><\/ul><\/li><li class='ez-toc-page-1 ez-toc-heading-level-2'><a class=\"ez-toc-link ez-toc-heading-8\" href=\"https:\/\/www.tuco.net\/blog\/5-tips-para-elegir-tu-sofa-y-no-equivocarte-en-el-intento\/#Checklist_final_para_acertar\" title=\"Checklist final para acertar\">Checklist final para acertar<\/a><\/li><\/ul><\/li><\/ul><\/nav><\/div>\n\n<p>&nbsp;<\/p>\n<h2><span class=\"ez-toc-section\" id=\"1_Antes_de_elegir_como_quieres_vivir_tu_salon\"><\/span>1. Antes de elegir: c\u00f3mo quieres vivir tu sal\u00f3n<span class=\"ez-toc-section-end\"><\/span><\/h2>\n<p>Antes de entrar en medidas, empieza por una pregunta simple (y potente):<\/p>\n<p>\u00bfC\u00f3mo quieres vivir tu sal\u00f3n? \u00bfM\u00e1s reuni\u00f3n o m\u00e1s relax? \u00bfM\u00e1s orden o m\u00e1s \u201cme tumbo y ya\u201d? \u00bfM\u00e1s visitas o m\u00e1s siestas?<\/p>\n<p>Cuando respondes esto, el sof\u00e1 deja de ser \u201cun mueble bonito\u201d y pasa a ser una decisi\u00f3n coherente.<\/p>\n<h3><span class=\"ez-toc-section\" id=\"Tip_1_No_solo_midas_el_sofa_mide_el_aire\"><\/span>Tip 1: No solo midas el sof\u00e1, mide el aire<span class=\"ez-toc-section-end\"><\/span><\/h3>\n<p data-start=\"520\" data-end=\"1130\">Este es el error m\u00e1s habitual: medir el mueble como si viviera solo. Pero el sal\u00f3n no es una foto; es un lugar por el que pasas con un caf\u00e9, donde alguien se levanta, donde se abre una puerta y donde, de repente, hay una bolsa en el suelo. Por eso, m\u00e1s que obsesionarte con \u201ccu\u00e1nto mide el sof\u00e1\u201d, piensa en cu\u00e1nto ocupa el sal\u00f3n cuando lo usas: el aire tambi\u00e9n forma parte del tama\u00f1o real. Como gu\u00eda, si en las zonas principales de paso te queda un recorrido fluido y no tienes que girarte de lado, vas bien; y si entre el sof\u00e1 y la mesa de centro puedes moverte sin sentir que todo est\u00e1 pegado, mejor todav\u00eda.<\/p>\n<figure id=\"attachment_2960\" aria-describedby=\"caption-attachment-2960\" style=\"width: 1920px\" class=\"wp-caption alignleft\"><a href=\"https:\/\/www.tuco.net\/sofa-curvo-living-5123.html?%2Felige_el_color-kong_2%2Fcolor_cojin_decorativo-kon_6=\"><img loading=\"lazy\" decoding=\"async\" class=\"wp-image-2960 size-full\" src=\"https:\/\/www.tuco.net\/blog\/wp-content\/uploads\/2026\/01\/Sofa-Blog-4.jpg\" alt=\"\" width=\"1920\" height=\"1080\" srcset=\"https:\/\/www.tuco.net\/blog\/wp-content\/uploads\/2026\/01\/Sofa-Blog-4.jpg 1920w, https:\/\/www.tuco.net\/blog\/wp-content\/uploads\/2026\/01\/Sofa-Blog-4-300x169.jpg 300w, https:\/\/www.tuco.net\/blog\/wp-content\/uploads\/2026\/01\/Sofa-Blog-4-1024x576.jpg 1024w, https:\/\/www.tuco.net\/blog\/wp-content\/uploads\/2026\/01\/Sofa-Blog-4-768x432.jpg 768w, https:\/\/www.tuco.net\/blog\/wp-content\/uploads\/2026\/01\/Sofa-Blog-4-1536x864.jpg 1536w\" sizes=\"auto, (max-width: 1920px) 100vw, 1920px\" \/><\/a><figcaption id=\"caption-attachment-2960\" class=\"wp-caption-text\">Sof\u00e1 LIVING con falta de espacio.<\/figcaption><\/figure>\n<p data-start=\"1132\" data-end=\"1513\"><strong data-start=\"1132\" data-end=\"1144\">TucoTip:<\/strong> antes de decidir, marca en el suelo el per\u00edmetro del sof\u00e1 con cinta de pintor o con folios. Luego camina tu ruta t\u00edpica (del sof\u00e1 a la puerta, de la puerta a la ventana, del pasillo al sal\u00f3n) y observa si el espacio se vive f\u00e1cil o si te obliga a hacer eslalon. Un sof\u00e1 puede ser espectacular, pero si ahoga el movimiento y te cambia los h\u00e1bitos, no es buena elecci\u00f3n.<\/p>\n<h3><span class=\"ez-toc-section\" id=\"Tip_2_Sofa_alfombra_un_mismo_puzzle\"><\/span>Tip 2: Sof\u00e1 + alfombra = un mismo puzzle<span class=\"ez-toc-section-end\"><\/span><\/h3>\n<p data-start=\"1588\" data-end=\"2136\">El sal\u00f3n funciona como un puzzle y la alfombra es la pieza que hace que todo \u201cse entienda\u201d. Cuando es demasiado peque\u00f1a, el sof\u00e1 queda visualmente descolgado, como si lo hubieras dejado ah\u00ed sin terminar la composici\u00f3n. Lo que suele funcionar mejor es que la alfombra abrace el conjunto: que sobresalga un poco por los lados del sof\u00e1 y que el sof\u00e1, al menos en su parte frontal, parezca apoyado dentro de esa base. Ah\u00ed es donde el sal\u00f3n empieza a verse ordenado incluso cuando hay vida encima, porque el ojo entiende que hay una zona clara de estar.<\/p>\n<figure id=\"attachment_2962\" aria-describedby=\"caption-attachment-2962\" style=\"width: 1920px\" class=\"wp-caption alignleft\"><a href=\"https:\/\/www.tuco.net\/sofa-2-plazas-sender-4444.html?%2Fcolor_tapizado-gala_azul=\"><img loading=\"lazy\" decoding=\"async\" class=\"wp-image-2962 size-full\" src=\"https:\/\/www.tuco.net\/blog\/wp-content\/uploads\/2026\/01\/Sofa-blog-3.jpg\" alt=\"\" width=\"1920\" height=\"1080\" srcset=\"https:\/\/www.tuco.net\/blog\/wp-content\/uploads\/2026\/01\/Sofa-blog-3.jpg 1920w, https:\/\/www.tuco.net\/blog\/wp-content\/uploads\/2026\/01\/Sofa-blog-3-300x169.jpg 300w, https:\/\/www.tuco.net\/blog\/wp-content\/uploads\/2026\/01\/Sofa-blog-3-1024x576.jpg 1024w, https:\/\/www.tuco.net\/blog\/wp-content\/uploads\/2026\/01\/Sofa-blog-3-768x432.jpg 768w, https:\/\/www.tuco.net\/blog\/wp-content\/uploads\/2026\/01\/Sofa-blog-3-1536x864.jpg 1536w\" sizes=\"auto, (max-width: 1920px) 100vw, 1920px\" \/><\/a><figcaption id=\"caption-attachment-2962\" class=\"wp-caption-text\">Sof\u00e1 2 plazas SENDER.<\/figcaption><\/figure>\n<p data-start=\"2138\" data-end=\"2387\"><strong data-start=\"2138\" data-end=\"2150\">TucoTip:<\/strong> si dudas, prueba antes de comprar: simula el tama\u00f1o con una manta grande o una s\u00e1bana y mira si la escena se siente integrada o \u201ca piezas\u201d. No se trata de decorar m\u00e1s; se trata de construir un bloque que haga que el sal\u00f3n tenga sentido.<\/p>\n<h3><span class=\"ez-toc-section\" id=\"Tip_3_Ojo_con_la_profundidad_sobre_todo_en_salones_pequenos\"><\/span>Tip 3: Ojo con la profundidad (sobre todo en salones peque\u00f1os)<span class=\"ez-toc-section-end\"><\/span><\/h3>\n<p data-start=\"2480\" data-end=\"3096\">Con la profundidad pasa algo tramposo: en tienda parece un sue\u00f1o y en casa puede convertirse en un robo de metros. Adem\u00e1s, aqu\u00ed hay una confusi\u00f3n t\u00edpica que te puede hacer comprar mal: una cosa es el fondo total del sof\u00e1, lo que ocupa f\u00edsicamente en el sal\u00f3n, y otra distinta es el fondo \u00fatil del asiento, que es donde realmente te sientas. En espacios ajustados, cuando el sof\u00e1 se va demasiado hacia adelante, el sal\u00f3n se vuelve m\u00e1s pesado y la circulaci\u00f3n se complica; y cuando el asiento es tan profundo que necesitas cojines para no quedarte \u201cperdida\u201d dentro, la comodidad diaria cae aunque el sof\u00e1 sea blandito.<\/p>\n<p data-start=\"3098\" data-end=\"3356\"><strong data-start=\"3098\" data-end=\"3110\">TucoTip:<\/strong> si\u00e9ntate con la espalda bien apoyada y f\u00edjate en si la postura sale natural o si tienes que improvisar. Si te sientes c\u00f3moda sin \u201cmontarte\u201d un sistema de cojines para acercarte al respaldo, ese sof\u00e1 est\u00e1 jugando a favor de tu casa, no en contra.<\/p>\n<h3><span class=\"ez-toc-section\" id=\"Tip_4_La_altura_del_respaldo_cambia_el_salon\"><\/span>Tip 4: La altura del respaldo cambia el sal\u00f3n<span class=\"ez-toc-section-end\"><\/span><\/h3>\n<p data-start=\"3415\" data-end=\"3980\">La altura del respaldo no es un detalle est\u00e9tico: es percepci\u00f3n del espacio. En salones con techos bajos o con poca luz, un respaldo alto y macizo puede funcionar como una barrera visual que corta el ambiente y lo hace m\u00e1s peque\u00f1o, aunque el sof\u00e1 sea precioso. En cambio, cuando el respaldo es m\u00e1s bajo o visualmente ligero, el sal\u00f3n respira, la vista se alarga y todo se siente m\u00e1s actual. No significa que tengas que renunciar a apoyar la cabeza; significa que conviene pensar en c\u00f3mo dialoga el sof\u00e1 con la arquitectura, con la luz y con lo que tienes alrededor.<\/p>\n<figure id=\"attachment_2967\" aria-describedby=\"caption-attachment-2967\" style=\"width: 1920px\" class=\"wp-caption alignleft\"><a href=\"https:\/\/www.tuco.net\/sofa-modular-terminal-con-chaiselongue-tina-6014.html?\/color_tapizado-kongo_01\/opciones-sofa_terminalchaiselongue_vf_dcha\"><img loading=\"lazy\" decoding=\"async\" class=\"size-full wp-image-2967\" src=\"https:\/\/www.tuco.net\/blog\/wp-content\/uploads\/2026\/01\/Tina-Blog-2.jpg\" alt=\"\" width=\"1920\" height=\"1080\" srcset=\"https:\/\/www.tuco.net\/blog\/wp-content\/uploads\/2026\/01\/Tina-Blog-2.jpg 1920w, https:\/\/www.tuco.net\/blog\/wp-content\/uploads\/2026\/01\/Tina-Blog-2-300x169.jpg 300w, https:\/\/www.tuco.net\/blog\/wp-content\/uploads\/2026\/01\/Tina-Blog-2-1024x576.jpg 1024w, https:\/\/www.tuco.net\/blog\/wp-content\/uploads\/2026\/01\/Tina-Blog-2-768x432.jpg 768w, https:\/\/www.tuco.net\/blog\/wp-content\/uploads\/2026\/01\/Tina-Blog-2-1536x864.jpg 1536w\" sizes=\"auto, (max-width: 1920px) 100vw, 1920px\" \/><\/a><figcaption id=\"caption-attachment-2967\" class=\"wp-caption-text\">Sof\u00e1 Chaiselongue TINA<\/figcaption><\/figure>\n<p data-start=\"3982\" data-end=\"4162\"><strong data-start=\"3982\" data-end=\"3994\">TucoTip:<\/strong> imagina el sof\u00e1 como un \u201cvolumen\u201d dentro del sal\u00f3n. Si ese volumen tapa, pesa o domina demasiado, lo notar\u00e1s enseguida en la sensaci\u00f3n general, incluso antes de medir.<\/p>\n<h3><span class=\"ez-toc-section\" id=\"Tip_5_Que_el_sofa_se_adapte_a_tu_casa_y_no_al_reves\"><\/span>Tip 5: Que el sof\u00e1 se adapte a tu casa (y no al rev\u00e9s)<span class=\"ez-toc-section-end\"><\/span><\/h3>\n<p data-start=\"4231\" data-end=\"4764\">Aqu\u00ed est\u00e1 la diferencia entre \u201cme gusta\u201d y \u201cme funciona\u201d. Muchas veces forzamos el sal\u00f3n para encajar un sof\u00e1: movemos muebles, estrechamos pasos, aceptamos que la luz quede rara o que la circulaci\u00f3n sea inc\u00f3moda con la esperanza de \u201cya me acostumbrar\u00e9\u201d. Pero la vida no perdona: llega una visita, una cena, un d\u00eda de limpiar, y todo aquello que parec\u00eda asumible se convierte en molestia cotidiana. Por eso, la regla es simple: si para que el sof\u00e1 encaje tienes que sacrificar c\u00f3mo se vive el espacio, no encaja; lo est\u00e1s imponiendo.<\/p>\n<figure id=\"attachment_2964\" aria-describedby=\"caption-attachment-2964\" style=\"width: 1920px\" class=\"wp-caption alignleft\"><a href=\"https:\/\/www.tuco.net\/sofa-cama-modular-musa-5956.html?%2Fcolor_tapizado-crema=\"><img loading=\"lazy\" decoding=\"async\" class=\"size-full wp-image-2964\" src=\"https:\/\/www.tuco.net\/blog\/wp-content\/uploads\/2026\/01\/Musa-blog.jpg\" alt=\"\" width=\"1920\" height=\"1080\" srcset=\"https:\/\/www.tuco.net\/blog\/wp-content\/uploads\/2026\/01\/Musa-blog.jpg 1920w, https:\/\/www.tuco.net\/blog\/wp-content\/uploads\/2026\/01\/Musa-blog-300x169.jpg 300w, https:\/\/www.tuco.net\/blog\/wp-content\/uploads\/2026\/01\/Musa-blog-1024x576.jpg 1024w, https:\/\/www.tuco.net\/blog\/wp-content\/uploads\/2026\/01\/Musa-blog-768x432.jpg 768w, https:\/\/www.tuco.net\/blog\/wp-content\/uploads\/2026\/01\/Musa-blog-1536x864.jpg 1536w\" sizes=\"auto, (max-width: 1920px) 100vw, 1920px\" \/><\/a><figcaption id=\"caption-attachment-2964\" class=\"wp-caption-text\">Sof\u00e1 cama modular MUSA.<\/figcaption><\/figure>\n<p data-start=\"4766\" data-end=\"4983\"><strong data-start=\"4766\" data-end=\"4778\">TucoTip:<\/strong> cuando dudas, decide por el uso real. El sof\u00e1 ideal es el que acompa\u00f1a el recorrido natural del sal\u00f3n, respeta la luz y te deja vivir f\u00e1cil. Un buen sof\u00e1 no se impone: encaja. Y cuando encaja, todo fluye.<\/p>\n<h2><span class=\"ez-toc-section\" id=\"Checklist_final_para_acertar\"><\/span>Checklist final para acertar<span class=\"ez-toc-section-end\"><\/span><\/h2>\n<p>Antes de comprar, p\u00e1salo por este filtro r\u00e1pido:<\/p>\n<p>\u2705 \u00bfPuedo circular sin rozar todo?<br \/>\n\u2705 \u00bfSof\u00e1 y alfombra se \u201centienden\u201d?<br \/>\n\u2705 \u00bfLa profundidad no se come el sal\u00f3n?<br \/>\n\u2705 \u00bfLa altura del respaldo suma (no resta)?<br \/>\n\u2705 \u00bfEl sal\u00f3n sigue siendo c\u00f3modo, no \u201cforzado\u201d?<\/p>\n<p>Cierre: tu sof\u00e1, tu ritmo<\/p>\n<p>Elegir sof\u00e1 no va de reglas r\u00edgidas. Va de entender tu casa.<\/p>\n<p>En Tuco creemos en casas que cambian, personas que dudan y gustos que evolucionan. Elegir sof\u00e1 no es acertar a la primera: es elegir algo que funcione hoy\u2026 y que te permita cambiar ma\u00f1ana sin dramas.<\/p>\n<p>Porque elegir bien tambi\u00e9n es atreverse a cambiar.<br \/>\nY con Tuco, cambiar es pan comido\u2026<\/p>\n","protected":false},"excerpt":{"rendered":"<p>C\u00f3mo elegir un sof\u00e1 sin volverte loca: 5 tips reales para salones reales Elegir un sof\u00e1 parece f\u00e1cil\u2026 hasta que empiezas a hacerlo. Mides, vuelves a medir, guardas referencias, miras cat\u00e1logos y aun as\u00ed dudas: \u00bfser\u00e1 demasiado grande?, \u00bfmuy profundo?, \u00bfencajar\u00e1 de verdad en el sal\u00f3n? En Tuco creemos que el problema no es que&hellip;&nbsp;<a href=\"https:\/\/www.tuco.net\/blog\/5-tips-para-elegir-tu-sofa-y-no-equivocarte-en-el-intento\/\" rel=\"bookmark\">Leer m\u00e1s &raquo;<span class=\"screen-reader-text\">5 tips para elegir tu sof\u00e1, y no fallar en tu elecci\u00f3n<\/span><\/a><\/p>\n","protected":false},"author":6,"featured_media":2964,"comment_status":"closed","ping_status":"closed","sticky":false,"template":"","format":"standard","meta":{"neve_meta_sidebar":"","neve_meta_container":"","neve_meta_enable_content_width":"off","neve_meta_content_width":70,"neve_meta_title_alignment":"","neve_meta_author_avatar":"","neve_post_elements_order":"","neve_meta_disable_header":"","neve_meta_disable_footer":"","neve_meta_disable_title":"","footnotes":""},"categories":[7,50,47],"tags":[],"class_list":["post-2944","post","type-post","status-publish","format-standard","has-post-thumbnail","hentry","category-entradas","category-easy-life","category-inspiracion"],"yoast_head":"<!-- This site is optimized with the Yoast SEO plugin v22.2 - https:\/\/yoast.com\/wordpress\/plugins\/seo\/ -->\n<title>5 tips para elegir tu sof\u00e1, y no fallar en tu elecci\u00f3n - BLOG<\/title>\n<meta name=\"description\" content=\"Descubre 5 tips clave para elegir tu sof\u00e1 y acertar seg\u00fan tu espacio. Medidas, profundidad y respaldos para salones reales. Why not cambiar?\" \/>\n<meta name=\"robots\" content=\"index, follow, max-snippet:-1, max-image-preview:large, max-video-preview:-1\" \/>\n<link rel=\"canonical\" href=\"https:\/\/www.tuco.net\/blog\/5-tips-para-elegir-tu-sofa-y-no-equivocarte-en-el-intento\/\" \/>\n<meta property=\"og:locale\" content=\"es_ES\" \/>\n<meta property=\"og:type\" content=\"article\" \/>\n<meta property=\"og:title\" content=\"5 tips para elegir tu sof\u00e1, y no fallar en tu elecci\u00f3n - BLOG\" \/>\n<meta property=\"og:description\" content=\"Descubre 5 tips clave para elegir tu sof\u00e1 y acertar seg\u00fan tu espacio. Medidas, profundidad y respaldos para salones reales. Why not cambiar?\" \/>\n<meta property=\"og:url\" content=\"https:\/\/www.tuco.net\/blog\/5-tips-para-elegir-tu-sofa-y-no-equivocarte-en-el-intento\/\" \/>\n<meta property=\"og:site_name\" content=\"BLOG\" \/>\n<meta property=\"article:publisher\" content=\"https:\/\/www.facebook.com\/MueblesTuco\/\" \/>\n<meta property=\"article:published_time\" content=\"2026-01-20T10:30:02+00:00\" \/>\n<meta property=\"article:modified_time\" content=\"2026-01-20T10:31:10+00:00\" \/>\n<meta property=\"og:image\" content=\"https:\/\/www.tuco.net\/blog\/wp-content\/uploads\/2026\/01\/Musa-blog.jpg\" \/>\n\t<meta property=\"og:image:width\" content=\"1920\" \/>\n\t<meta property=\"og:image:height\" content=\"1080\" \/>\n\t<meta property=\"og:image:type\" content=\"image\/jpeg\" \/>\n<meta name=\"author\" content=\"Muebles Tuco\" \/>\n<meta name=\"twitter:card\" content=\"summary_large_image\" \/>\n<meta name=\"twitter:label1\" content=\"Escrito por\" \/>\n\t<meta name=\"twitter:data1\" content=\"Muebles Tuco\" \/>\n\t<meta name=\"twitter:label2\" content=\"Tiempo de lectura\" \/>\n\t<meta name=\"twitter:data2\" content=\"7 minutos\" \/>\n<script type=\"application\/ld+json\" class=\"yoast-schema-graph\">{\"@context\":\"https:\/\/schema.org\",\"@graph\":[{\"@type\":\"Article\",\"@id\":\"https:\/\/www.tuco.net\/blog\/5-tips-para-elegir-tu-sofa-y-no-equivocarte-en-el-intento\/#article\",\"isPartOf\":{\"@id\":\"https:\/\/www.tuco.net\/blog\/5-tips-para-elegir-tu-sofa-y-no-equivocarte-en-el-intento\/\"},\"author\":{\"name\":\"Muebles Tuco\",\"@id\":\"https:\/\/www.tuco.net\/blog\/#\/schema\/person\/764b6d259d9f19cc09e2c7422ac8edd3\"},\"headline\":\"5 tips para elegir tu sof\u00e1, y no fallar en tu elecci\u00f3n\",\"datePublished\":\"2026-01-20T10:30:02+00:00\",\"dateModified\":\"2026-01-20T10:31:10+00:00\",\"mainEntityOfPage\":{\"@id\":\"https:\/\/www.tuco.net\/blog\/5-tips-para-elegir-tu-sofa-y-no-equivocarte-en-el-intento\/\"},\"wordCount\":1254,\"publisher\":{\"@id\":\"https:\/\/www.tuco.net\/blog\/#organization\"},\"image\":{\"@id\":\"https:\/\/www.tuco.net\/blog\/5-tips-para-elegir-tu-sofa-y-no-equivocarte-en-el-intento\/#primaryimage\"},\"thumbnailUrl\":\"https:\/\/www.tuco.net\/blog\/wp-content\/uploads\/2026\/01\/Musa-blog.jpg\",\"articleSection\":[\"Art\u00edculos del blog de Tuco\",\"Easy Life\",\"Inspiraci\u00f3n\"],\"inLanguage\":\"es\"},{\"@type\":\"WebPage\",\"@id\":\"https:\/\/www.tuco.net\/blog\/5-tips-para-elegir-tu-sofa-y-no-equivocarte-en-el-intento\/\",\"url\":\"https:\/\/www.tuco.net\/blog\/5-tips-para-elegir-tu-sofa-y-no-equivocarte-en-el-intento\/\",\"name\":\"5 tips para elegir tu sof\u00e1, y no fallar en tu elecci\u00f3n - BLOG\",\"isPartOf\":{\"@id\":\"https:\/\/www.tuco.net\/blog\/#website\"},\"primaryImageOfPage\":{\"@id\":\"https:\/\/www.tuco.net\/blog\/5-tips-para-elegir-tu-sofa-y-no-equivocarte-en-el-intento\/#primaryimage\"},\"image\":{\"@id\":\"https:\/\/www.tuco.net\/blog\/5-tips-para-elegir-tu-sofa-y-no-equivocarte-en-el-intento\/#primaryimage\"},\"thumbnailUrl\":\"https:\/\/www.tuco.net\/blog\/wp-content\/uploads\/2026\/01\/Musa-blog.jpg\",\"datePublished\":\"2026-01-20T10:30:02+00:00\",\"dateModified\":\"2026-01-20T10:31:10+00:00\",\"description\":\"Descubre 5 tips clave para elegir tu sof\u00e1 y acertar seg\u00fan tu espacio. Medidas, profundidad y respaldos para salones reales. Why not cambiar?\",\"breadcrumb\":{\"@id\":\"https:\/\/www.tuco.net\/blog\/5-tips-para-elegir-tu-sofa-y-no-equivocarte-en-el-intento\/#breadcrumb\"},\"inLanguage\":\"es\",\"potentialAction\":[{\"@type\":\"ReadAction\",\"target\":[\"https:\/\/www.tuco.net\/blog\/5-tips-para-elegir-tu-sofa-y-no-equivocarte-en-el-intento\/\"]}]},{\"@type\":\"ImageObject\",\"inLanguage\":\"es\",\"@id\":\"https:\/\/www.tuco.net\/blog\/5-tips-para-elegir-tu-sofa-y-no-equivocarte-en-el-intento\/#primaryimage\",\"url\":\"https:\/\/www.tuco.net\/blog\/wp-content\/uploads\/2026\/01\/Musa-blog.jpg\",\"contentUrl\":\"https:\/\/www.tuco.net\/blog\/wp-content\/uploads\/2026\/01\/Musa-blog.jpg\",\"width\":1920,\"height\":1080,\"caption\":\"Sof\u00e1 cama modular MUSA.\"},{\"@type\":\"BreadcrumbList\",\"@id\":\"https:\/\/www.tuco.net\/blog\/5-tips-para-elegir-tu-sofa-y-no-equivocarte-en-el-intento\/#breadcrumb\",\"itemListElement\":[{\"@type\":\"ListItem\",\"position\":1,\"name\":\"Portada\",\"item\":\"https:\/\/www.tuco.net\/blog\/\"},{\"@type\":\"ListItem\",\"position\":2,\"name\":\"5 tips para elegir tu sof\u00e1, y no fallar en tu elecci\u00f3n\"}]},{\"@type\":\"WebSite\",\"@id\":\"https:\/\/www.tuco.net\/blog\/#website\",\"url\":\"https:\/\/www.tuco.net\/blog\/\",\"name\":\"BLOG\",\"description\":\"Blog de tuco.net\",\"publisher\":{\"@id\":\"https:\/\/www.tuco.net\/blog\/#organization\"},\"potentialAction\":[{\"@type\":\"SearchAction\",\"target\":{\"@type\":\"EntryPoint\",\"urlTemplate\":\"https:\/\/www.tuco.net\/blog\/?s={search_term_string}\"},\"query-input\":\"required name=search_term_string\"}],\"inLanguage\":\"es\"},{\"@type\":\"Organization\",\"@id\":\"https:\/\/www.tuco.net\/blog\/#organization\",\"name\":\"BLOG\",\"url\":\"https:\/\/www.tuco.net\/blog\/\",\"logo\":{\"@type\":\"ImageObject\",\"inLanguage\":\"es\",\"@id\":\"https:\/\/www.tuco.net\/blog\/#\/schema\/logo\/image\/\",\"url\":\"https:\/\/www.tuco.net\/blog\/wp-content\/uploads\/2022\/02\/cropped-logo-tuco-circular-1.png\",\"contentUrl\":\"https:\/\/www.tuco.net\/blog\/wp-content\/uploads\/2022\/02\/cropped-logo-tuco-circular-1.png\",\"width\":512,\"height\":512,\"caption\":\"BLOG\"},\"image\":{\"@id\":\"https:\/\/www.tuco.net\/blog\/#\/schema\/logo\/image\/\"},\"sameAs\":[\"https:\/\/www.facebook.com\/MueblesTuco\/\",\"https:\/\/www.instagram.com\/mueblestuco\/?hl=es\"]},{\"@type\":\"Person\",\"@id\":\"https:\/\/www.tuco.net\/blog\/#\/schema\/person\/764b6d259d9f19cc09e2c7422ac8edd3\",\"name\":\"Muebles Tuco\",\"url\":\"https:\/\/www.tuco.net\/blog\/author\/muebles-tuco\/\"}]}<\/script>\n<!-- \/ Yoast SEO plugin. -->","yoast_head_json":{"title":"5 tips para elegir tu sof\u00e1, y no fallar en tu elecci\u00f3n - BLOG","description":"Descubre 5 tips clave para elegir tu sof\u00e1 y acertar seg\u00fan tu espacio. Medidas, profundidad y respaldos para salones reales. Why not cambiar?","robots":{"index":"index","follow":"follow","max-snippet":"max-snippet:-1","max-image-preview":"max-image-preview:large","max-video-preview":"max-video-preview:-1"},"canonical":"https:\/\/www.tuco.net\/blog\/5-tips-para-elegir-tu-sofa-y-no-equivocarte-en-el-intento\/","og_locale":"es_ES","og_type":"article","og_title":"5 tips para elegir tu sof\u00e1, y no fallar en tu elecci\u00f3n - BLOG","og_description":"Descubre 5 tips clave para elegir tu sof\u00e1 y acertar seg\u00fan tu espacio. Medidas, profundidad y respaldos para salones reales. Why not cambiar?","og_url":"https:\/\/www.tuco.net\/blog\/5-tips-para-elegir-tu-sofa-y-no-equivocarte-en-el-intento\/","og_site_name":"BLOG","article_publisher":"https:\/\/www.facebook.com\/MueblesTuco\/","article_published_time":"2026-01-20T10:30:02+00:00","article_modified_time":"2026-01-20T10:31:10+00:00","og_image":[{"width":1920,"height":1080,"url":"https:\/\/www.tuco.net\/blog\/wp-content\/uploads\/2026\/01\/Musa-blog.jpg","type":"image\/jpeg"}],"author":"Muebles Tuco","twitter_card":"summary_large_image","twitter_misc":{"Escrito por":"Muebles Tuco","Tiempo de lectura":"7 minutos"},"schema":{"@context":"https:\/\/schema.org","@graph":[{"@type":"Article","@id":"https:\/\/www.tuco.net\/blog\/5-tips-para-elegir-tu-sofa-y-no-equivocarte-en-el-intento\/#article","isPartOf":{"@id":"https:\/\/www.tuco.net\/blog\/5-tips-para-elegir-tu-sofa-y-no-equivocarte-en-el-intento\/"},"author":{"name":"Muebles Tuco","@id":"https:\/\/www.tuco.net\/blog\/#\/schema\/person\/764b6d259d9f19cc09e2c7422ac8edd3"},"headline":"5 tips para elegir tu sof\u00e1, y no fallar en tu elecci\u00f3n","datePublished":"2026-01-20T10:30:02+00:00","dateModified":"2026-01-20T10:31:10+00:00","mainEntityOfPage":{"@id":"https:\/\/www.tuco.net\/blog\/5-tips-para-elegir-tu-sofa-y-no-equivocarte-en-el-intento\/"},"wordCount":1254,"publisher":{"@id":"https:\/\/www.tuco.net\/blog\/#organization"},"image":{"@id":"https:\/\/www.tuco.net\/blog\/5-tips-para-elegir-tu-sofa-y-no-equivocarte-en-el-intento\/#primaryimage"},"thumbnailUrl":"https:\/\/www.tuco.net\/blog\/wp-content\/uploads\/2026\/01\/Musa-blog.jpg","articleSection":["Art\u00edculos del blog de Tuco","Easy Life","Inspiraci\u00f3n"],"inLanguage":"es"},{"@type":"WebPage","@id":"https:\/\/www.tuco.net\/blog\/5-tips-para-elegir-tu-sofa-y-no-equivocarte-en-el-intento\/","url":"https:\/\/www.tuco.net\/blog\/5-tips-para-elegir-tu-sofa-y-no-equivocarte-en-el-intento\/","name":"5 tips para elegir tu sof\u00e1, y no fallar en tu elecci\u00f3n - BLOG","isPartOf":{"@id":"https:\/\/www.tuco.net\/blog\/#website"},"primaryImageOfPage":{"@id":"https:\/\/www.tuco.net\/blog\/5-tips-para-elegir-tu-sofa-y-no-equivocarte-en-el-intento\/#primaryimage"},"image":{"@id":"https:\/\/www.tuco.net\/blog\/5-tips-para-elegir-tu-sofa-y-no-equivocarte-en-el-intento\/#primaryimage"},"thumbnailUrl":"https:\/\/www.tuco.net\/blog\/wp-content\/uploads\/2026\/01\/Musa-blog.jpg","datePublished":"2026-01-20T10:30:02+00:00","dateModified":"2026-01-20T10:31:10+00:00","description":"Descubre 5 tips clave para elegir tu sof\u00e1 y acertar seg\u00fan tu espacio. Medidas, profundidad y respaldos para salones reales. Why not cambiar?","breadcrumb":{"@id":"https:\/\/www.tuco.net\/blog\/5-tips-para-elegir-tu-sofa-y-no-equivocarte-en-el-intento\/#breadcrumb"},"inLanguage":"es","potentialAction":[{"@type":"ReadAction","target":["https:\/\/www.tuco.net\/blog\/5-tips-para-elegir-tu-sofa-y-no-equivocarte-en-el-intento\/"]}]},{"@type":"ImageObject","inLanguage":"es","@id":"https:\/\/www.tuco.net\/blog\/5-tips-para-elegir-tu-sofa-y-no-equivocarte-en-el-intento\/#primaryimage","url":"https:\/\/www.tuco.net\/blog\/wp-content\/uploads\/2026\/01\/Musa-blog.jpg","contentUrl":"https:\/\/www.tuco.net\/blog\/wp-content\/uploads\/2026\/01\/Musa-blog.jpg","width":1920,"height":1080,"caption":"Sof\u00e1 cama modular MUSA."},{"@type":"BreadcrumbList","@id":"https:\/\/www.tuco.net\/blog\/5-tips-para-elegir-tu-sofa-y-no-equivocarte-en-el-intento\/#breadcrumb","itemListElement":[{"@type":"ListItem","position":1,"name":"Portada","item":"https:\/\/www.tuco.net\/blog\/"},{"@type":"ListItem","position":2,"name":"5 tips para elegir tu sof\u00e1, y no fallar en tu elecci\u00f3n"}]},{"@type":"WebSite","@id":"https:\/\/www.tuco.net\/blog\/#website","url":"https:\/\/www.tuco.net\/blog\/","name":"BLOG","description":"Blog de tuco.net","publisher":{"@id":"https:\/\/www.tuco.net\/blog\/#organization"},"potentialAction":[{"@type":"SearchAction","target":{"@type":"EntryPoint","urlTemplate":"https:\/\/www.tuco.net\/blog\/?s={search_term_string}"},"query-input":"required name=search_term_string"}],"inLanguage":"es"},{"@type":"Organization","@id":"https:\/\/www.tuco.net\/blog\/#organization","name":"BLOG","url":"https:\/\/www.tuco.net\/blog\/","logo":{"@type":"ImageObject","inLanguage":"es","@id":"https:\/\/www.tuco.net\/blog\/#\/schema\/logo\/image\/","url":"https:\/\/www.tuco.net\/blog\/wp-content\/uploads\/2022\/02\/cropped-logo-tuco-circular-1.png","contentUrl":"https:\/\/www.tuco.net\/blog\/wp-content\/uploads\/2022\/02\/cropped-logo-tuco-circular-1.png","width":512,"height":512,"caption":"BLOG"},"image":{"@id":"https:\/\/www.tuco.net\/blog\/#\/schema\/logo\/image\/"},"sameAs":["https:\/\/www.facebook.com\/MueblesTuco\/","https:\/\/www.instagram.com\/mueblestuco\/?hl=es"]},{"@type":"Person","@id":"https:\/\/www.tuco.net\/blog\/#\/schema\/person\/764b6d259d9f19cc09e2c7422ac8edd3","name":"Muebles Tuco","url":"https:\/\/www.tuco.net\/blog\/author\/muebles-tuco\/"}]}},"_links":{"self":[{"href":"https:\/\/www.tuco.net\/blog\/wp-json\/wp\/v2\/posts\/2944","targetHints":{"allow":["GET"]}}],"collection":[{"href":"https:\/\/www.tuco.net\/blog\/wp-json\/wp\/v2\/posts"}],"about":[{"href":"https:\/\/www.tuco.net\/blog\/wp-json\/wp\/v2\/types\/post"}],"author":[{"embeddable":true,"href":"https:\/\/www.tuco.net\/blog\/wp-json\/wp\/v2\/users\/6"}],"replies":[{"embeddable":true,"href":"https:\/\/www.tuco.net\/blog\/wp-json\/wp\/v2\/comments?post=2944"}],"version-history":[{"count":20,"href":"https:\/\/www.tuco.net\/blog\/wp-json\/wp\/v2\/posts\/2944\/revisions"}],"predecessor-version":[{"id":2969,"href":"https:\/\/www.tuco.net\/blog\/wp-json\/wp\/v2\/posts\/2944\/revisions\/2969"}],"wp:featuredmedia":[{"embeddable":true,"href":"https:\/\/www.tuco.net\/blog\/wp-json\/wp\/v2\/media\/2964"}],"wp:attachment":[{"href":"https:\/\/www.tuco.net\/blog\/wp-json\/wp\/v2\/media?parent=2944"}],"wp:term":[{"taxonomy":"category","embeddable":true,"href":"https:\/\/www.tuco.net\/blog\/wp-json\/wp\/v2\/categories?post=2944"},{"taxonomy":"post_tag","embeddable":true,"href":"https:\/\/www.tuco.net\/blog\/wp-json\/wp\/v2\/tags?post=2944"}],"curies":[{"name":"wp","href":"https:\/\/api.w.org\/{rel}","templated":true}]}}