{"id":2673,"date":"2025-10-20T10:40:21","date_gmt":"2025-10-20T10:40:21","guid":{"rendered":"https:\/\/www.tuco.net\/blog\/?p=2673"},"modified":"2025-10-23T14:32:18","modified_gmt":"2025-10-23T14:32:18","slug":"de-la-ilustracion-al-interiorismo-asi-es-la-nueva-fachada-de-tuco-zaragoza","status":"publish","type":"post","link":"https:\/\/www.tuco.net\/blog\/de-la-ilustracion-al-interiorismo-asi-es-la-nueva-fachada-de-tuco-zaragoza\/","title":{"rendered":"De la ilustraci\u00f3n al interiorismo: as\u00ed es la nueva fachada de Tuco Zaragoza"},"content":{"rendered":"<p>La ilustradora y muralista Vera Galindo \u2014autora del cartel de las Fiestas del Pilar 2025\u2014 llena de color la fachada de Tuco Zaragoza con una obra que celebra el arte, el hogar y la decoraci\u00f3n.<\/p>\n<div id=\"ez-toc-container\" class=\"ez-toc-v2_0_63 counter-hierarchy ez-toc-counter ez-toc-custom ez-toc-container-direction\">\n<div class=\"ez-toc-title-container\">\n<p class=\"ez-toc-title \" >Tabla de contenidos<\/p>\n<span class=\"ez-toc-title-toggle\"><a href=\"#\" class=\"ez-toc-pull-right ez-toc-btn ez-toc-btn-xs ez-toc-btn-default ez-toc-toggle\" aria-label=\"Toggle Table of Content\"><span class=\"ez-toc-js-icon-con\"><span class=\"\"><span class=\"eztoc-hide\" style=\"display:none;\">Toggle<\/span><span class=\"ez-toc-icon-toggle-span\"><svg style=\"fill: #545454;color:#545454\" xmlns=\"http:\/\/www.w3.org\/2000\/svg\" class=\"list-377408\" width=\"20px\" height=\"20px\" viewBox=\"0 0 24 24\" fill=\"none\"><path d=\"M6 6H4v2h2V6zm14 0H8v2h12V6zM4 11h2v2H4v-2zm16 0H8v2h12v-2zM4 16h2v2H4v-2zm16 0H8v2h12v-2z\" fill=\"currentColor\"><\/path><\/svg><svg style=\"fill: #545454;color:#545454\" class=\"arrow-unsorted-368013\" xmlns=\"http:\/\/www.w3.org\/2000\/svg\" width=\"10px\" height=\"10px\" viewBox=\"0 0 24 24\" version=\"1.2\" baseProfile=\"tiny\"><path d=\"M18.2 9.3l-6.2-6.3-6.2 6.3c-.2.2-.3.4-.3.7s.1.5.3.7c.2.2.4.3.7.3h11c.3 0 .5-.1.7-.3.2-.2.3-.5.3-.7s-.1-.5-.3-.7zM5.8 14.7l6.2 6.3 6.2-6.3c.2-.2.3-.5.3-.7s-.1-.5-.3-.7c-.2-.2-.4-.3-.7-.3h-11c-.3 0-.5.1-.7.3-.2.2-.3.5-.3.7s.1.5.3.7z\"\/><\/svg><\/span><\/span><\/span><\/a><\/span><\/div>\n<nav><ul class='ez-toc-list ez-toc-list-level-1 ' ><li class='ez-toc-page-1 ez-toc-heading-level-1'><a class=\"ez-toc-link ez-toc-heading-1\" href=\"https:\/\/www.tuco.net\/blog\/de-la-ilustracion-al-interiorismo-asi-es-la-nueva-fachada-de-tuco-zaragoza\/#Color_arte_y_hogar\" title=\"Color, arte y hogar\">Color, arte y hogar<\/a><\/li><li class='ez-toc-page-1 ez-toc-heading-level-1'><a class=\"ez-toc-link ez-toc-heading-2\" href=\"https:\/\/www.tuco.net\/blog\/de-la-ilustracion-al-interiorismo-asi-es-la-nueva-fachada-de-tuco-zaragoza\/#De_Sastago_al_color_de_Zaragoza_quien_es_Vera_Galindo\" title=\"De S\u00e1stago al color de Zaragoza: qui\u00e9n es Vera Galindo\">De S\u00e1stago al color de Zaragoza: qui\u00e9n es Vera Galindo<\/a><\/li><li class='ez-toc-page-1 ez-toc-heading-level-1'><a class=\"ez-toc-link ez-toc-heading-3\" href=\"https:\/\/www.tuco.net\/blog\/de-la-ilustracion-al-interiorismo-asi-es-la-nueva-fachada-de-tuco-zaragoza\/#Un_mural_que_te_da_la_bienvenida_a_casa\" title=\"Un mural que te da la bienvenida a casa\">Un mural que te da la bienvenida a casa<\/a><\/li><li class='ez-toc-page-1 ez-toc-heading-level-1'><a class=\"ez-toc-link ez-toc-heading-4\" href=\"https:\/\/www.tuco.net\/blog\/de-la-ilustracion-al-interiorismo-asi-es-la-nueva-fachada-de-tuco-zaragoza\/#Texturas_que_se_sienten_colores_que_abrazan_texturas_que_se_sienten_colores_que_abrazan\" title=\"Texturas que se sienten, colores que abrazan texturas que se sienten, colores que abrazan\">Texturas que se sienten, colores que abrazan texturas que se sienten, colores que abrazan<\/a><\/li><li class='ez-toc-page-1 ez-toc-heading-level-1'><a class=\"ez-toc-link ez-toc-heading-5\" href=\"https:\/\/www.tuco.net\/blog\/de-la-ilustracion-al-interiorismo-asi-es-la-nueva-fachada-de-tuco-zaragoza\/#Arte_y_talento_local_una_historia_compartida\" title=\"Arte y talento local: una historia compartida\">Arte y talento local: una historia compartida<\/a><\/li><li class='ez-toc-page-1 ez-toc-heading-level-1'><a class=\"ez-toc-link ez-toc-heading-6\" href=\"https:\/\/www.tuco.net\/blog\/de-la-ilustracion-al-interiorismo-asi-es-la-nueva-fachada-de-tuco-zaragoza\/#Una_fiesta_llena_de_color\" title=\"Una fiesta llena de color\">Una fiesta llena de color<\/a><\/li><li class='ez-toc-page-1 ez-toc-heading-level-1'><a class=\"ez-toc-link ez-toc-heading-7\" href=\"https:\/\/www.tuco.net\/blog\/de-la-ilustracion-al-interiorismo-asi-es-la-nueva-fachada-de-tuco-zaragoza\/#Un_lienzo_llamado_hogar\" title=\"Un lienzo llamado hogar\">Un lienzo llamado hogar<\/a><\/li><li class='ez-toc-page-1 ez-toc-heading-level-1'><a class=\"ez-toc-link ez-toc-heading-8\" href=\"https:\/\/www.tuco.net\/blog\/de-la-ilustracion-al-interiorismo-asi-es-la-nueva-fachada-de-tuco-zaragoza\/#Casas_sin_complejos_fachadas_con_alma\" title=\"Casas sin complejos, fachadas con alma\">Casas sin complejos, fachadas con alma<\/a><\/li><\/ul><\/nav><\/div>\n\n<p>&nbsp;<\/p>\n<p><img loading=\"lazy\" decoding=\"async\" class=\"aligncenter size-full wp-image-2746\" src=\"https:\/\/www.tuco.net\/blog\/wp-content\/uploads\/2025\/10\/1.jpg\" alt=\"\" width=\"1920\" height=\"1080\" srcset=\"https:\/\/www.tuco.net\/blog\/wp-content\/uploads\/2025\/10\/1.jpg 1920w, https:\/\/www.tuco.net\/blog\/wp-content\/uploads\/2025\/10\/1-300x169.jpg 300w, https:\/\/www.tuco.net\/blog\/wp-content\/uploads\/2025\/10\/1-1024x576.jpg 1024w, https:\/\/www.tuco.net\/blog\/wp-content\/uploads\/2025\/10\/1-768x432.jpg 768w, https:\/\/www.tuco.net\/blog\/wp-content\/uploads\/2025\/10\/1-1536x864.jpg 1536w\" sizes=\"auto, (max-width: 1920px) 100vw, 1920px\" \/><\/p>\n<h1><span class=\"ez-toc-section\" id=\"Color_arte_y_hogar\"><\/span>Color, arte y hogar<span class=\"ez-toc-section-end\"><\/span><\/h1>\n<p>Hay fachadas que se miran\u2026 y otras que se sienten.<br \/>\nNuestra nueva imagen en <strong>Tuco Puerto Venecia (Zaragoza)<\/strong> pertenece a esa segunda categor\u00eda: una fachada ilustrada que vibra, respira y te invita a entrar.<\/p>\n<p>El pasado <strong>3 de octubre<\/strong>, celebramos esta transformaci\u00f3n como m\u00e1s nos gusta: con m\u00fasica, picoteo, regalos exclusivos y, sobre todo, mucho color.<\/p>\n<p>La artista encargada de llenar de vida nuestra fachada fue <strong>Vera Galindo<\/strong>, autora del cartel de las <em>Fiestas del Pilar 2025<\/em>, ilustradora y muralista aragonesa que comparte con Tuco una forma muy parecida de entender la creatividad.<\/p>\n<p>El resultado: un mural que no pasa desapercibido. Una obra que celebra el color, el arte y nuestro esp\u00edritu Tuco: <strong>decorar sin miedo, vivir sin filtros y disfrutar el cambio.<\/strong><br \/>\nPorque cuando el arte, los muebles y la actitud se mezclan, pasan cosas buenas. <em>Why Not?\u00a0<\/em><\/p>\n<p>&nbsp;<\/p>\n<h1><span class=\"ez-toc-section\" id=\"De_Sastago_al_color_de_Zaragoza_quien_es_Vera_Galindo\"><\/span>De S\u00e1stago al color de Zaragoza: qui\u00e9n es Vera Galindo<span class=\"ez-toc-section-end\"><\/span><\/h1>\n<p><img loading=\"lazy\" decoding=\"async\" class=\"aligncenter size-full wp-image-2748\" src=\"https:\/\/www.tuco.net\/blog\/wp-content\/uploads\/2025\/10\/2.jpg\" alt=\"\" width=\"1920\" height=\"1080\" srcset=\"https:\/\/www.tuco.net\/blog\/wp-content\/uploads\/2025\/10\/2.jpg 1920w, https:\/\/www.tuco.net\/blog\/wp-content\/uploads\/2025\/10\/2-300x169.jpg 300w, https:\/\/www.tuco.net\/blog\/wp-content\/uploads\/2025\/10\/2-1024x576.jpg 1024w, https:\/\/www.tuco.net\/blog\/wp-content\/uploads\/2025\/10\/2-768x432.jpg 768w, https:\/\/www.tuco.net\/blog\/wp-content\/uploads\/2025\/10\/2-1536x864.jpg 1536w\" sizes=\"auto, (max-width: 1920px) 100vw, 1920px\" \/><\/p>\n<p><strong>Vera Galindo<\/strong> naci\u00f3 en S\u00e1stago y vive en Zaragoza. Es dise\u00f1adora gr\u00e1fica, ilustradora, muralista\u2026 y una creadora que no conoce l\u00edmites.<\/p>\n<p>Su trabajo se mueve entre la ilustraci\u00f3n, el muralismo y la animaci\u00f3n, siempre con una est\u00e9tica reconocible: <strong>vibrante, libre y llena de texturas que cuentan historias.<\/strong><\/p>\n<p>Para ella, este proyecto fue<\/p>\n<blockquote><p><em>\u201cuna oportunidad de conectar con algo que me encanta: esos momentos en los que est\u00e1s en casa, disfrutando del espacio que te representa.\u201d<\/em><\/p><\/blockquote>\n<p>Y ah\u00ed justo est\u00e1 la conexi\u00f3n con Tuco: crear espacios que transmitan energ\u00eda, personalidad y bienestar.<\/p>\n<p>&nbsp;<\/p>\n<h1><span class=\"ez-toc-section\" id=\"Un_mural_que_te_da_la_bienvenida_a_casa\"><\/span>Un mural que te da la bienvenida a casa<span class=\"ez-toc-section-end\"><\/span><\/h1>\n<p>El mural que Vera ha creado para <strong>Tuco Puerto Venecia<\/strong> es mucho m\u00e1s que una fachada bonita: <strong>es una invitaci\u00f3n a sentirse en casa desde el primer vistazo.<\/strong><\/p>\n<p>A trav\u00e9s del color y las formas, quiso reflejar \u201cesa sensaci\u00f3n de bienestar que sientes cuando est\u00e1s a gusto en tu hogar.\u201d<\/p>\n<p>Y lo consigui\u00f3\u2026 El resultado rebosa vida, dinamismo y calidez. Justo lo que queremos que se respire al cruzar nuestras puertas: <strong>inspiraci\u00f3n, optimismo y ganas de cambiar cosas.<\/strong><\/p>\n<p>Su dise\u00f1o, lleno de formas org\u00e1nicas y contrastes, recuerda al proceso de decorar: probar, combinar y disfrutar hasta encontrar tu propio estilo.<\/p>\n<blockquote><p><em>\u201cQuer\u00eda que al verla sintieras que dentro hay algo que te est\u00e1 esperando. Que la fachada te invite a descubrir\u201d<\/em><\/p><\/blockquote>\n<p>Nos contaba la artista durante el evento.<\/p>\n<p>&nbsp;<\/p>\n<h1><span class=\"ez-toc-section\" id=\"Texturas_que_se_sienten_colores_que_abrazan_texturas_que_se_sienten_colores_que_abrazan\"><\/span>Texturas que se sienten, colores que abrazan texturas que se sienten, colores que abrazan<span class=\"ez-toc-section-end\"><\/span><\/h1>\n<p>Las <strong>texturas<\/strong> son parte esencial del universo de Vera, y en este proyecto juegan un papel clave.<br \/>\nElla lo explica as\u00ed:<\/p>\n<blockquote><p><em> \u201cMe gusta jugar con los acabados, como en decoraci\u00f3n. Cada textura tiene su energ\u00eda.\u201d<\/em><\/p><\/blockquote>\n<p><img loading=\"lazy\" decoding=\"async\" class=\"aligncenter size-full wp-image-2751\" src=\"https:\/\/www.tuco.net\/blog\/wp-content\/uploads\/2025\/10\/3.jpg\" alt=\"\" width=\"1920\" height=\"1080\" srcset=\"https:\/\/www.tuco.net\/blog\/wp-content\/uploads\/2025\/10\/3.jpg 1920w, https:\/\/www.tuco.net\/blog\/wp-content\/uploads\/2025\/10\/3-300x169.jpg 300w, https:\/\/www.tuco.net\/blog\/wp-content\/uploads\/2025\/10\/3-1024x576.jpg 1024w, https:\/\/www.tuco.net\/blog\/wp-content\/uploads\/2025\/10\/3-768x432.jpg 768w, https:\/\/www.tuco.net\/blog\/wp-content\/uploads\/2025\/10\/3-1536x864.jpg 1536w\" sizes=\"auto, (max-width: 1920px) 100vw, 1920px\" \/><\/p>\n<p>En su mural se mezclan trazos que evocan madera, pinceladas que recuerdan tejidos y capas que se superponen, como pasa en cualquier casa viva.<br \/>\nNos encant\u00f3 esa conexi\u00f3n entre <strong>arte y decoraci\u00f3n:<\/strong> las dos disciplinas hablan el mismo idioma, el del color y las emociones.<\/p>\n<p>El resultado es un <strong>match perfecto<\/strong> entre el mundo art\u00edstico de Vera y nuestro universo Tuco: espacios con alma, dise\u00f1o y actitud.<\/p>\n<p>&nbsp;<\/p>\n<h1><span class=\"ez-toc-section\" id=\"Arte_y_talento_local_una_historia_compartida\"><\/span>Arte y talento local: una historia compartida<span class=\"ez-toc-section-end\"><\/span><\/h1>\n<p>En Tuco queremos que cada proyecto sea tambi\u00e9n una forma de <strong>dar voz al talento local.<\/strong> Colaborar con Vera Galindo nos permite seguir impulsando el arte cercano y compartir la creatividad de nuestra tierra.<\/p>\n<p>Este mural se suma a otras iniciativas en las que ya hemos contado con artistas como <strong>Jesana<\/strong>, que llen\u00f3 de color nuestra tienda de <strong>Tuco Alfafar<\/strong>, o <strong>Harsa<\/strong>, autora del mural en <strong>Tuco Castell\u00f3n<\/strong>.<\/p>\n<p>Con cada una de estas intervenciones reafirmamos nuestra idea de que el dise\u00f1o, el arte y la decoraci\u00f3n deben convivir para inspirar hogares aut\u00e9nticos y sin complejos.<\/p>\n<p>&nbsp;<\/p>\n<h1><span class=\"ez-toc-section\" id=\"Una_fiesta_llena_de_color\"><\/span>Una fiesta llena de color<span class=\"ez-toc-section-end\"><\/span><\/h1>\n<p>El d\u00eda de la inauguraci\u00f3n fue una aut\u00e9ntica <strong>celebraci\u00f3n creativa<\/strong>.<br \/>\nM\u00fasica, arte en vivo, regalos y un ambiente lleno de energ\u00eda positiva.<\/p>\n<p>Nos encant\u00f3 ver c\u00f3mo la gente se deten\u00eda a observar el mural, sacaba fotos y sonre\u00eda al descubrir los detalles.<br \/>\nEsa fue nuestra mayor recompensa: ver c\u00f3mo el color y el arte lograban conectar con todos los que se acercaron.<\/p>\n<p>Porque cuando el arte y la decoraci\u00f3n se juntan, la inspiraci\u00f3n se contagia.<\/p>\n<p><img loading=\"lazy\" decoding=\"async\" class=\"aligncenter size-full wp-image-2754\" src=\"https:\/\/www.tuco.net\/blog\/wp-content\/uploads\/2025\/10\/5.jpg\" alt=\"\" width=\"1920\" height=\"1080\" srcset=\"https:\/\/www.tuco.net\/blog\/wp-content\/uploads\/2025\/10\/5.jpg 1920w, https:\/\/www.tuco.net\/blog\/wp-content\/uploads\/2025\/10\/5-300x169.jpg 300w, https:\/\/www.tuco.net\/blog\/wp-content\/uploads\/2025\/10\/5-1024x576.jpg 1024w, https:\/\/www.tuco.net\/blog\/wp-content\/uploads\/2025\/10\/5-768x432.jpg 768w, https:\/\/www.tuco.net\/blog\/wp-content\/uploads\/2025\/10\/5-1536x864.jpg 1536w\" sizes=\"auto, (max-width: 1920px) 100vw, 1920px\" \/><\/p>\n<h1><span class=\"ez-toc-section\" id=\"Un_lienzo_llamado_hogar\"><\/span>Un lienzo llamado hogar<span class=\"ez-toc-section-end\"><\/span><\/h1>\n<p>Este mural representa algo m\u00e1s que una fachada nueva: refleja <strong>c\u00f3mo entendemos el hogar en Tuco.<\/strong><br \/>\nUn espacio donde el color, la creatividad y la personalidad tienen su sitio.<br \/>\nPorque decorar no es solo colocar muebles; es <strong>darle alma a lo cotidiano.<\/strong><\/p>\n<p>Y ah\u00ed est\u00e1 el punto de uni\u00f3n entre Vera y nosotros: ambos creemos que los espacios deben sentirse vivos, sin miedo a cambiar, experimentar o sorprender.<\/p>\n<p>Una invitaci\u00f3n a disfrutar del color, a salir de lo neutro y a vivir la decoraci\u00f3n con alegr\u00eda.<\/p>\n<p>&nbsp;<\/p>\n<h1><span class=\"ez-toc-section\" id=\"Casas_sin_complejos_fachadas_con_alma\"><\/span>Casas sin complejos, fachadas con alma<span class=\"ez-toc-section-end\"><\/span><\/h1>\n<p>Cada trazo del mural de Vera Galindo nos recuerda por qu\u00e9 hacemos lo que hacemos:<br \/>\nPorque el color inspira, la creatividad transforma y las casas aut\u00e9nticas no siguen reglas.<\/p>\n<p>El arte y la decoraci\u00f3n hablan el mismo idioma: el de las emociones.<br \/>\nY cuando una fachada logra transmitirlo, como la nuestra en Puerto Venecia, deja de ser solo una tienda. <strong>Es parte de la ciudad, y tambi\u00e9n un reflejo de ti.<\/strong><\/p>\n<p><img loading=\"lazy\" decoding=\"async\" class=\"aligncenter size-full wp-image-2752\" src=\"https:\/\/www.tuco.net\/blog\/wp-content\/uploads\/2025\/10\/4.jpg\" alt=\"\" width=\"1920\" height=\"1080\" srcset=\"https:\/\/www.tuco.net\/blog\/wp-content\/uploads\/2025\/10\/4.jpg 1920w, https:\/\/www.tuco.net\/blog\/wp-content\/uploads\/2025\/10\/4-300x169.jpg 300w, https:\/\/www.tuco.net\/blog\/wp-content\/uploads\/2025\/10\/4-1024x576.jpg 1024w, https:\/\/www.tuco.net\/blog\/wp-content\/uploads\/2025\/10\/4-768x432.jpg 768w, https:\/\/www.tuco.net\/blog\/wp-content\/uploads\/2025\/10\/4-1536x864.jpg 1536w\" sizes=\"auto, (max-width: 1920px) 100vw, 1920px\" \/><\/p>\n<p><strong>Ven a descubrir nuestra nueva fachada en Tuco Puerto Venecia.<\/strong><br \/>\nD\u00e9jate inspirar por el arte que vive dentro, explora nuestras colecciones y reinventa tu espacio con color, emoci\u00f3n y libertad.<\/p>\n<p>Porque si algo nos define, es esto: <strong>casas sin complejos y con mucho arte. Why Not?<\/strong><\/p>\n","protected":false},"excerpt":{"rendered":"<p>La ilustradora y muralista Vera Galindo \u2014autora del cartel de las Fiestas del Pilar 2025\u2014 llena de color la fachada de Tuco Zaragoza con una obra que celebra el arte, el hogar y la decoraci\u00f3n. &nbsp; Color, arte y hogar Hay fachadas que se miran\u2026 y otras que se sienten. Nuestra nueva imagen en Tuco&hellip;&nbsp;<a href=\"https:\/\/www.tuco.net\/blog\/de-la-ilustracion-al-interiorismo-asi-es-la-nueva-fachada-de-tuco-zaragoza\/\" rel=\"bookmark\">Leer m\u00e1s &raquo;<span class=\"screen-reader-text\">De la ilustraci\u00f3n al interiorismo: as\u00ed es la nueva fachada de Tuco Zaragoza<\/span><\/a><\/p>\n","protected":false},"author":6,"featured_media":2746,"comment_status":"closed","ping_status":"closed","sticky":false,"template":"","format":"standard","meta":{"neve_meta_sidebar":"","neve_meta_container":"","neve_meta_enable_content_width":"off","neve_meta_content_width":70,"neve_meta_title_alignment":"","neve_meta_author_avatar":"","neve_post_elements_order":"","neve_meta_disable_header":"","neve_meta_disable_footer":"","neve_meta_disable_title":"","footnotes":""},"categories":[7,47,49,6],"tags":[],"class_list":["post-2673","post","type-post","status-publish","format-standard","has-post-thumbnail","hentry","category-entradas","category-inspiracion","category-rompe-con-el-aburrimiento","category-tuco-lifestyle"],"yoast_head":"<!-- This site is optimized with the Yoast SEO plugin v22.2 - https:\/\/yoast.com\/wordpress\/plugins\/seo\/ -->\n<title>De la ilustraci\u00f3n al interiorismo: as\u00ed es la nueva fachada de Tuco Zaragoza - BLOG<\/title>\n<meta name=\"description\" content=\"La ilustradora y muralista Vera Galindo \u2014autora del cartel de las Fiestas del Pilar 2025\u2014 llena de color la fachada de Tuco Zaragoza con una obra que celebra el arte, el hogar y la decoraci\u00f3n.\" \/>\n<meta name=\"robots\" content=\"index, follow, max-snippet:-1, max-image-preview:large, max-video-preview:-1\" \/>\n<link rel=\"canonical\" href=\"https:\/\/www.tuco.net\/blog\/de-la-ilustracion-al-interiorismo-asi-es-la-nueva-fachada-de-tuco-zaragoza\/\" \/>\n<meta property=\"og:locale\" content=\"es_ES\" \/>\n<meta property=\"og:type\" content=\"article\" \/>\n<meta property=\"og:title\" content=\"De la ilustraci\u00f3n al interiorismo: as\u00ed es la nueva fachada de Tuco Zaragoza - BLOG\" \/>\n<meta property=\"og:description\" content=\"La ilustradora y muralista Vera Galindo \u2014autora del cartel de las Fiestas del Pilar 2025\u2014 llena de color la fachada de Tuco Zaragoza con una obra que celebra el arte, el hogar y la decoraci\u00f3n.\" \/>\n<meta property=\"og:url\" content=\"https:\/\/www.tuco.net\/blog\/de-la-ilustracion-al-interiorismo-asi-es-la-nueva-fachada-de-tuco-zaragoza\/\" \/>\n<meta property=\"og:site_name\" content=\"BLOG\" \/>\n<meta property=\"article:publisher\" content=\"https:\/\/www.facebook.com\/MueblesTuco\/\" \/>\n<meta property=\"article:published_time\" content=\"2025-10-20T10:40:21+00:00\" \/>\n<meta property=\"article:modified_time\" content=\"2025-10-23T14:32:18+00:00\" \/>\n<meta property=\"og:image\" content=\"https:\/\/www.tuco.net\/blog\/wp-content\/uploads\/2025\/10\/1.jpg\" \/>\n\t<meta property=\"og:image:width\" content=\"1920\" \/>\n\t<meta property=\"og:image:height\" content=\"1080\" \/>\n\t<meta property=\"og:image:type\" content=\"image\/jpeg\" \/>\n<meta name=\"author\" content=\"Muebles Tuco\" \/>\n<meta name=\"twitter:card\" content=\"summary_large_image\" \/>\n<meta name=\"twitter:label1\" content=\"Escrito por\" \/>\n\t<meta name=\"twitter:data1\" content=\"Muebles Tuco\" \/>\n\t<meta name=\"twitter:label2\" content=\"Tiempo de lectura\" \/>\n\t<meta name=\"twitter:data2\" content=\"6 minutos\" \/>\n<script type=\"application\/ld+json\" class=\"yoast-schema-graph\">{\"@context\":\"https:\/\/schema.org\",\"@graph\":[{\"@type\":\"Article\",\"@id\":\"https:\/\/www.tuco.net\/blog\/de-la-ilustracion-al-interiorismo-asi-es-la-nueva-fachada-de-tuco-zaragoza\/#article\",\"isPartOf\":{\"@id\":\"https:\/\/www.tuco.net\/blog\/de-la-ilustracion-al-interiorismo-asi-es-la-nueva-fachada-de-tuco-zaragoza\/\"},\"author\":{\"name\":\"Muebles Tuco\",\"@id\":\"https:\/\/www.tuco.net\/blog\/#\/schema\/person\/764b6d259d9f19cc09e2c7422ac8edd3\"},\"headline\":\"De la ilustraci\u00f3n al interiorismo: as\u00ed es la nueva fachada de Tuco Zaragoza\",\"datePublished\":\"2025-10-20T10:40:21+00:00\",\"dateModified\":\"2025-10-23T14:32:18+00:00\",\"mainEntityOfPage\":{\"@id\":\"https:\/\/www.tuco.net\/blog\/de-la-ilustracion-al-interiorismo-asi-es-la-nueva-fachada-de-tuco-zaragoza\/\"},\"wordCount\":1006,\"publisher\":{\"@id\":\"https:\/\/www.tuco.net\/blog\/#organization\"},\"image\":{\"@id\":\"https:\/\/www.tuco.net\/blog\/de-la-ilustracion-al-interiorismo-asi-es-la-nueva-fachada-de-tuco-zaragoza\/#primaryimage\"},\"thumbnailUrl\":\"https:\/\/www.tuco.net\/blog\/wp-content\/uploads\/2025\/10\/1.jpg\",\"articleSection\":[\"Art\u00edculos del blog de Tuco\",\"Inspiraci\u00f3n\",\"Rompe con el aburrimiento\",\"Tuco Lifestyle\"],\"inLanguage\":\"es\"},{\"@type\":\"WebPage\",\"@id\":\"https:\/\/www.tuco.net\/blog\/de-la-ilustracion-al-interiorismo-asi-es-la-nueva-fachada-de-tuco-zaragoza\/\",\"url\":\"https:\/\/www.tuco.net\/blog\/de-la-ilustracion-al-interiorismo-asi-es-la-nueva-fachada-de-tuco-zaragoza\/\",\"name\":\"De la ilustraci\u00f3n al interiorismo: as\u00ed es la nueva fachada de Tuco Zaragoza - BLOG\",\"isPartOf\":{\"@id\":\"https:\/\/www.tuco.net\/blog\/#website\"},\"primaryImageOfPage\":{\"@id\":\"https:\/\/www.tuco.net\/blog\/de-la-ilustracion-al-interiorismo-asi-es-la-nueva-fachada-de-tuco-zaragoza\/#primaryimage\"},\"image\":{\"@id\":\"https:\/\/www.tuco.net\/blog\/de-la-ilustracion-al-interiorismo-asi-es-la-nueva-fachada-de-tuco-zaragoza\/#primaryimage\"},\"thumbnailUrl\":\"https:\/\/www.tuco.net\/blog\/wp-content\/uploads\/2025\/10\/1.jpg\",\"datePublished\":\"2025-10-20T10:40:21+00:00\",\"dateModified\":\"2025-10-23T14:32:18+00:00\",\"description\":\"La ilustradora y muralista Vera Galindo \u2014autora del cartel de las Fiestas del Pilar 2025\u2014 llena de color la fachada de Tuco Zaragoza con una obra que celebra el arte, el hogar y la decoraci\u00f3n.\",\"breadcrumb\":{\"@id\":\"https:\/\/www.tuco.net\/blog\/de-la-ilustracion-al-interiorismo-asi-es-la-nueva-fachada-de-tuco-zaragoza\/#breadcrumb\"},\"inLanguage\":\"es\",\"potentialAction\":[{\"@type\":\"ReadAction\",\"target\":[\"https:\/\/www.tuco.net\/blog\/de-la-ilustracion-al-interiorismo-asi-es-la-nueva-fachada-de-tuco-zaragoza\/\"]}]},{\"@type\":\"ImageObject\",\"inLanguage\":\"es\",\"@id\":\"https:\/\/www.tuco.net\/blog\/de-la-ilustracion-al-interiorismo-asi-es-la-nueva-fachada-de-tuco-zaragoza\/#primaryimage\",\"url\":\"https:\/\/www.tuco.net\/blog\/wp-content\/uploads\/2025\/10\/1.jpg\",\"contentUrl\":\"https:\/\/www.tuco.net\/blog\/wp-content\/uploads\/2025\/10\/1.jpg\",\"width\":1920,\"height\":1080},{\"@type\":\"BreadcrumbList\",\"@id\":\"https:\/\/www.tuco.net\/blog\/de-la-ilustracion-al-interiorismo-asi-es-la-nueva-fachada-de-tuco-zaragoza\/#breadcrumb\",\"itemListElement\":[{\"@type\":\"ListItem\",\"position\":1,\"name\":\"Portada\",\"item\":\"https:\/\/www.tuco.net\/blog\/\"},{\"@type\":\"ListItem\",\"position\":2,\"name\":\"De la ilustraci\u00f3n al interiorismo: as\u00ed es la nueva fachada de Tuco Zaragoza\"}]},{\"@type\":\"WebSite\",\"@id\":\"https:\/\/www.tuco.net\/blog\/#website\",\"url\":\"https:\/\/www.tuco.net\/blog\/\",\"name\":\"BLOG\",\"description\":\"Blog de tuco.net\",\"publisher\":{\"@id\":\"https:\/\/www.tuco.net\/blog\/#organization\"},\"potentialAction\":[{\"@type\":\"SearchAction\",\"target\":{\"@type\":\"EntryPoint\",\"urlTemplate\":\"https:\/\/www.tuco.net\/blog\/?s={search_term_string}\"},\"query-input\":\"required name=search_term_string\"}],\"inLanguage\":\"es\"},{\"@type\":\"Organization\",\"@id\":\"https:\/\/www.tuco.net\/blog\/#organization\",\"name\":\"BLOG\",\"url\":\"https:\/\/www.tuco.net\/blog\/\",\"logo\":{\"@type\":\"ImageObject\",\"inLanguage\":\"es\",\"@id\":\"https:\/\/www.tuco.net\/blog\/#\/schema\/logo\/image\/\",\"url\":\"https:\/\/www.tuco.net\/blog\/wp-content\/uploads\/2022\/02\/cropped-logo-tuco-circular-1.png\",\"contentUrl\":\"https:\/\/www.tuco.net\/blog\/wp-content\/uploads\/2022\/02\/cropped-logo-tuco-circular-1.png\",\"width\":512,\"height\":512,\"caption\":\"BLOG\"},\"image\":{\"@id\":\"https:\/\/www.tuco.net\/blog\/#\/schema\/logo\/image\/\"},\"sameAs\":[\"https:\/\/www.facebook.com\/MueblesTuco\/\",\"https:\/\/www.instagram.com\/mueblestuco\/?hl=es\"]},{\"@type\":\"Person\",\"@id\":\"https:\/\/www.tuco.net\/blog\/#\/schema\/person\/764b6d259d9f19cc09e2c7422ac8edd3\",\"name\":\"Muebles Tuco\",\"url\":\"https:\/\/www.tuco.net\/blog\/author\/muebles-tuco\/\"}]}<\/script>\n<!-- \/ Yoast SEO plugin. -->","yoast_head_json":{"title":"De la ilustraci\u00f3n al interiorismo: as\u00ed es la nueva fachada de Tuco Zaragoza - BLOG","description":"La ilustradora y muralista Vera Galindo \u2014autora del cartel de las Fiestas del Pilar 2025\u2014 llena de color la fachada de Tuco Zaragoza con una obra que celebra el arte, el hogar y la decoraci\u00f3n.","robots":{"index":"index","follow":"follow","max-snippet":"max-snippet:-1","max-image-preview":"max-image-preview:large","max-video-preview":"max-video-preview:-1"},"canonical":"https:\/\/www.tuco.net\/blog\/de-la-ilustracion-al-interiorismo-asi-es-la-nueva-fachada-de-tuco-zaragoza\/","og_locale":"es_ES","og_type":"article","og_title":"De la ilustraci\u00f3n al interiorismo: as\u00ed es la nueva fachada de Tuco Zaragoza - BLOG","og_description":"La ilustradora y muralista Vera Galindo \u2014autora del cartel de las Fiestas del Pilar 2025\u2014 llena de color la fachada de Tuco Zaragoza con una obra que celebra el arte, el hogar y la decoraci\u00f3n.","og_url":"https:\/\/www.tuco.net\/blog\/de-la-ilustracion-al-interiorismo-asi-es-la-nueva-fachada-de-tuco-zaragoza\/","og_site_name":"BLOG","article_publisher":"https:\/\/www.facebook.com\/MueblesTuco\/","article_published_time":"2025-10-20T10:40:21+00:00","article_modified_time":"2025-10-23T14:32:18+00:00","og_image":[{"width":1920,"height":1080,"url":"https:\/\/www.tuco.net\/blog\/wp-content\/uploads\/2025\/10\/1.jpg","type":"image\/jpeg"}],"author":"Muebles Tuco","twitter_card":"summary_large_image","twitter_misc":{"Escrito por":"Muebles Tuco","Tiempo de lectura":"6 minutos"},"schema":{"@context":"https:\/\/schema.org","@graph":[{"@type":"Article","@id":"https:\/\/www.tuco.net\/blog\/de-la-ilustracion-al-interiorismo-asi-es-la-nueva-fachada-de-tuco-zaragoza\/#article","isPartOf":{"@id":"https:\/\/www.tuco.net\/blog\/de-la-ilustracion-al-interiorismo-asi-es-la-nueva-fachada-de-tuco-zaragoza\/"},"author":{"name":"Muebles Tuco","@id":"https:\/\/www.tuco.net\/blog\/#\/schema\/person\/764b6d259d9f19cc09e2c7422ac8edd3"},"headline":"De la ilustraci\u00f3n al interiorismo: as\u00ed es la nueva fachada de Tuco Zaragoza","datePublished":"2025-10-20T10:40:21+00:00","dateModified":"2025-10-23T14:32:18+00:00","mainEntityOfPage":{"@id":"https:\/\/www.tuco.net\/blog\/de-la-ilustracion-al-interiorismo-asi-es-la-nueva-fachada-de-tuco-zaragoza\/"},"wordCount":1006,"publisher":{"@id":"https:\/\/www.tuco.net\/blog\/#organization"},"image":{"@id":"https:\/\/www.tuco.net\/blog\/de-la-ilustracion-al-interiorismo-asi-es-la-nueva-fachada-de-tuco-zaragoza\/#primaryimage"},"thumbnailUrl":"https:\/\/www.tuco.net\/blog\/wp-content\/uploads\/2025\/10\/1.jpg","articleSection":["Art\u00edculos del blog de Tuco","Inspiraci\u00f3n","Rompe con el aburrimiento","Tuco Lifestyle"],"inLanguage":"es"},{"@type":"WebPage","@id":"https:\/\/www.tuco.net\/blog\/de-la-ilustracion-al-interiorismo-asi-es-la-nueva-fachada-de-tuco-zaragoza\/","url":"https:\/\/www.tuco.net\/blog\/de-la-ilustracion-al-interiorismo-asi-es-la-nueva-fachada-de-tuco-zaragoza\/","name":"De la ilustraci\u00f3n al interiorismo: as\u00ed es la nueva fachada de Tuco Zaragoza - BLOG","isPartOf":{"@id":"https:\/\/www.tuco.net\/blog\/#website"},"primaryImageOfPage":{"@id":"https:\/\/www.tuco.net\/blog\/de-la-ilustracion-al-interiorismo-asi-es-la-nueva-fachada-de-tuco-zaragoza\/#primaryimage"},"image":{"@id":"https:\/\/www.tuco.net\/blog\/de-la-ilustracion-al-interiorismo-asi-es-la-nueva-fachada-de-tuco-zaragoza\/#primaryimage"},"thumbnailUrl":"https:\/\/www.tuco.net\/blog\/wp-content\/uploads\/2025\/10\/1.jpg","datePublished":"2025-10-20T10:40:21+00:00","dateModified":"2025-10-23T14:32:18+00:00","description":"La ilustradora y muralista Vera Galindo \u2014autora del cartel de las Fiestas del Pilar 2025\u2014 llena de color la fachada de Tuco Zaragoza con una obra que celebra el arte, el hogar y la decoraci\u00f3n.","breadcrumb":{"@id":"https:\/\/www.tuco.net\/blog\/de-la-ilustracion-al-interiorismo-asi-es-la-nueva-fachada-de-tuco-zaragoza\/#breadcrumb"},"inLanguage":"es","potentialAction":[{"@type":"ReadAction","target":["https:\/\/www.tuco.net\/blog\/de-la-ilustracion-al-interiorismo-asi-es-la-nueva-fachada-de-tuco-zaragoza\/"]}]},{"@type":"ImageObject","inLanguage":"es","@id":"https:\/\/www.tuco.net\/blog\/de-la-ilustracion-al-interiorismo-asi-es-la-nueva-fachada-de-tuco-zaragoza\/#primaryimage","url":"https:\/\/www.tuco.net\/blog\/wp-content\/uploads\/2025\/10\/1.jpg","contentUrl":"https:\/\/www.tuco.net\/blog\/wp-content\/uploads\/2025\/10\/1.jpg","width":1920,"height":1080},{"@type":"BreadcrumbList","@id":"https:\/\/www.tuco.net\/blog\/de-la-ilustracion-al-interiorismo-asi-es-la-nueva-fachada-de-tuco-zaragoza\/#breadcrumb","itemListElement":[{"@type":"ListItem","position":1,"name":"Portada","item":"https:\/\/www.tuco.net\/blog\/"},{"@type":"ListItem","position":2,"name":"De la ilustraci\u00f3n al interiorismo: as\u00ed es la nueva fachada de Tuco Zaragoza"}]},{"@type":"WebSite","@id":"https:\/\/www.tuco.net\/blog\/#website","url":"https:\/\/www.tuco.net\/blog\/","name":"BLOG","description":"Blog de tuco.net","publisher":{"@id":"https:\/\/www.tuco.net\/blog\/#organization"},"potentialAction":[{"@type":"SearchAction","target":{"@type":"EntryPoint","urlTemplate":"https:\/\/www.tuco.net\/blog\/?s={search_term_string}"},"query-input":"required name=search_term_string"}],"inLanguage":"es"},{"@type":"Organization","@id":"https:\/\/www.tuco.net\/blog\/#organization","name":"BLOG","url":"https:\/\/www.tuco.net\/blog\/","logo":{"@type":"ImageObject","inLanguage":"es","@id":"https:\/\/www.tuco.net\/blog\/#\/schema\/logo\/image\/","url":"https:\/\/www.tuco.net\/blog\/wp-content\/uploads\/2022\/02\/cropped-logo-tuco-circular-1.png","contentUrl":"https:\/\/www.tuco.net\/blog\/wp-content\/uploads\/2022\/02\/cropped-logo-tuco-circular-1.png","width":512,"height":512,"caption":"BLOG"},"image":{"@id":"https:\/\/www.tuco.net\/blog\/#\/schema\/logo\/image\/"},"sameAs":["https:\/\/www.facebook.com\/MueblesTuco\/","https:\/\/www.instagram.com\/mueblestuco\/?hl=es"]},{"@type":"Person","@id":"https:\/\/www.tuco.net\/blog\/#\/schema\/person\/764b6d259d9f19cc09e2c7422ac8edd3","name":"Muebles Tuco","url":"https:\/\/www.tuco.net\/blog\/author\/muebles-tuco\/"}]}},"_links":{"self":[{"href":"https:\/\/www.tuco.net\/blog\/wp-json\/wp\/v2\/posts\/2673","targetHints":{"allow":["GET"]}}],"collection":[{"href":"https:\/\/www.tuco.net\/blog\/wp-json\/wp\/v2\/posts"}],"about":[{"href":"https:\/\/www.tuco.net\/blog\/wp-json\/wp\/v2\/types\/post"}],"author":[{"embeddable":true,"href":"https:\/\/www.tuco.net\/blog\/wp-json\/wp\/v2\/users\/6"}],"replies":[{"embeddable":true,"href":"https:\/\/www.tuco.net\/blog\/wp-json\/wp\/v2\/comments?post=2673"}],"version-history":[{"count":36,"href":"https:\/\/www.tuco.net\/blog\/wp-json\/wp\/v2\/posts\/2673\/revisions"}],"predecessor-version":[{"id":2755,"href":"https:\/\/www.tuco.net\/blog\/wp-json\/wp\/v2\/posts\/2673\/revisions\/2755"}],"wp:featuredmedia":[{"embeddable":true,"href":"https:\/\/www.tuco.net\/blog\/wp-json\/wp\/v2\/media\/2746"}],"wp:attachment":[{"href":"https:\/\/www.tuco.net\/blog\/wp-json\/wp\/v2\/media?parent=2673"}],"wp:term":[{"taxonomy":"category","embeddable":true,"href":"https:\/\/www.tuco.net\/blog\/wp-json\/wp\/v2\/categories?post=2673"},{"taxonomy":"post_tag","embeddable":true,"href":"https:\/\/www.tuco.net\/blog\/wp-json\/wp\/v2\/tags?post=2673"}],"curies":[{"name":"wp","href":"https:\/\/api.w.org\/{rel}","templated":true}]}}