{"id":2412,"date":"2025-09-05T12:01:21","date_gmt":"2025-09-05T12:01:21","guid":{"rendered":"https:\/\/www.tuco.net\/blog\/?p=2412"},"modified":"2025-10-06T12:00:47","modified_gmt":"2025-10-06T12:00:47","slug":"tendencias-de-decoracion-otono-2025-colores-e-ideas-para-un-hogar-con-actitud","status":"publish","type":"post","link":"https:\/\/www.tuco.net\/blog\/tendencias-de-decoracion-otono-2025-colores-e-ideas-para-un-hogar-con-actitud\/","title":{"rendered":"Tendencias de decoraci\u00f3n oto\u00f1o 2025: colores e ideas para un hogar con actitud"},"content":{"rendered":"<div id=\"ez-toc-container\" class=\"ez-toc-v2_0_63 counter-hierarchy ez-toc-counter ez-toc-custom ez-toc-container-direction\">\n<div class=\"ez-toc-title-container\">\n<p class=\"ez-toc-title \" >Tabla de contenidos<\/p>\n<span class=\"ez-toc-title-toggle\"><a href=\"#\" class=\"ez-toc-pull-right ez-toc-btn ez-toc-btn-xs ez-toc-btn-default ez-toc-toggle\" aria-label=\"Toggle Table of Content\"><span class=\"ez-toc-js-icon-con\"><span class=\"\"><span class=\"eztoc-hide\" style=\"display:none;\">Toggle<\/span><span class=\"ez-toc-icon-toggle-span\"><svg style=\"fill: #545454;color:#545454\" xmlns=\"http:\/\/www.w3.org\/2000\/svg\" class=\"list-377408\" width=\"20px\" height=\"20px\" viewBox=\"0 0 24 24\" fill=\"none\"><path d=\"M6 6H4v2h2V6zm14 0H8v2h12V6zM4 11h2v2H4v-2zm16 0H8v2h12v-2zM4 16h2v2H4v-2zm16 0H8v2h12v-2z\" fill=\"currentColor\"><\/path><\/svg><svg style=\"fill: #545454;color:#545454\" class=\"arrow-unsorted-368013\" xmlns=\"http:\/\/www.w3.org\/2000\/svg\" width=\"10px\" height=\"10px\" viewBox=\"0 0 24 24\" version=\"1.2\" baseProfile=\"tiny\"><path d=\"M18.2 9.3l-6.2-6.3-6.2 6.3c-.2.2-.3.4-.3.7s.1.5.3.7c.2.2.4.3.7.3h11c.3 0 .5-.1.7-.3.2-.2.3-.5.3-.7s-.1-.5-.3-.7zM5.8 14.7l6.2 6.3 6.2-6.3c.2-.2.3-.5.3-.7s-.1-.5-.3-.7c-.2-.2-.4-.3-.7-.3h-11c-.3 0-.5.1-.7.3-.2.2-.3.5-.3.7s.1.5.3.7z\"\/><\/svg><\/span><\/span><\/span><\/a><\/span><\/div>\n<nav><ul class='ez-toc-list ez-toc-list-level-1 ' ><li class='ez-toc-page-1 ez-toc-heading-level-1'><a class=\"ez-toc-link ez-toc-heading-1\" href=\"https:\/\/www.tuco.net\/blog\/tendencias-de-decoracion-otono-2025-colores-e-ideas-para-un-hogar-con-actitud\/#Septiembre_energia_nueva_para_tu_casa\" title=\"Septiembre: energ\u00eda nueva para tu casa\">Septiembre: energ\u00eda nueva para tu casa<\/a><\/li><li class='ez-toc-page-1 ez-toc-heading-level-1'><a class=\"ez-toc-link ez-toc-heading-2\" href=\"https:\/\/www.tuco.net\/blog\/tendencias-de-decoracion-otono-2025-colores-e-ideas-para-un-hogar-con-actitud\/#Claves_deco_para_este_otono\" title=\"Claves deco para este oto\u00f1o\">Claves deco para este oto\u00f1o<\/a><ul class='ez-toc-list-level-2' ><li class='ez-toc-heading-level-2'><a class=\"ez-toc-link ez-toc-heading-3\" href=\"https:\/\/www.tuco.net\/blog\/tendencias-de-decoracion-otono-2025-colores-e-ideas-para-un-hogar-con-actitud\/#1_Colores_que_cambian_el_mood\" title=\"1. Colores que cambian el mood\">1. Colores que cambian el mood<\/a><\/li><li class='ez-toc-page-1 ez-toc-heading-level-2'><a class=\"ez-toc-link ez-toc-heading-4\" href=\"https:\/\/www.tuco.net\/blog\/tendencias-de-decoracion-otono-2025-colores-e-ideas-para-un-hogar-con-actitud\/#2_Contrastes_que_dan_vida\" title=\"2. Contrastes que dan vida\">2. Contrastes que dan vida<\/a><\/li><li class='ez-toc-page-1 ez-toc-heading-level-2'><a class=\"ez-toc-link ez-toc-heading-5\" href=\"https:\/\/www.tuco.net\/blog\/tendencias-de-decoracion-otono-2025-colores-e-ideas-para-un-hogar-con-actitud\/#3_Funcionalidad_con_actitud\" title=\"3. Funcionalidad con actitud\">3. Funcionalidad con actitud<\/a><\/li><li class='ez-toc-page-1 ez-toc-heading-level-2'><a class=\"ez-toc-link ez-toc-heading-6\" href=\"https:\/\/www.tuco.net\/blog\/tendencias-de-decoracion-otono-2025-colores-e-ideas-para-un-hogar-con-actitud\/#Nuestros_mejores_consejos_de_como_aplicar_estas_ideas_en_casa\" title=\"Nuestros mejores consejos de c\u00f3mo aplicar estas ideas en casa:\">Nuestros mejores consejos de c\u00f3mo aplicar estas ideas en casa:<\/a><\/li><li class='ez-toc-page-1 ez-toc-heading-level-2'><a class=\"ez-toc-link ez-toc-heading-7\" href=\"https:\/\/www.tuco.net\/blog\/tendencias-de-decoracion-otono-2025-colores-e-ideas-para-un-hogar-con-actitud\/#Dale_la_bienvenida_al_otono_con_Tuco\" title=\"Dale la bienvenida al oto\u00f1o con Tuco\">Dale la bienvenida al oto\u00f1o con Tuco<\/a><\/li><\/ul><\/li><\/ul><\/nav><\/div>\n<h1 class=\"western\"><span class=\"ez-toc-section\" id=\"Septiembre_energia_nueva_para_tu_casa\"><\/span><span style=\"color: #000000;\"><span style=\"font-size: medium;\"><b>Septiembre: energ\u00eda nueva para tu casa<\/b><\/span><\/span><span class=\"ez-toc-section-end\"><\/span><\/h1>\n<p align=\"left\">Septiembre es como un reinicio. Volvemos a la rutina con ganas de cambios y con la excusa perfecta para darle un aire distinto a nuestra casa. Este oto\u00f1o no se trata de seguir la moda al pie de la letra, sino de crear un hogar que hable de ti: funcional, c\u00f3modo y con mucha personalidad.<\/p>\n<p align=\"left\">As\u00ed nace <b>NEW IN: Nueva colecci\u00f3n, nuevos espacios, nueva actitud.<\/b> Una selecci\u00f3n de muebles de Tuco pensados para transformar tu casa de forma f\u00e1cil, con dise\u00f1os actuales y funcionales que marcan la diferencia.<\/p>\n<h1 class=\"western\"><span class=\"ez-toc-section\" id=\"Claves_deco_para_este_otono\"><\/span><span style=\"font-size: x-large;\"><b>Claves deco para este oto\u00f1o<\/b><\/span><span class=\"ez-toc-section-end\"><\/span><\/h1>\n<p align=\"left\">Este oto\u00f1o 2025 no hay reglas estrictas, pero s\u00ed hay tres ideas que inspiran los nuevos espacios:<\/p>\n<h2 align=\"left\"><span class=\"ez-toc-section\" id=\"1_Colores_que_cambian_el_mood\"><\/span><span style=\"color: #000000;\"><span style=\"font-size: medium;\"><b>1. Colores que cambian el mood<\/b><\/span><\/span><span class=\"ez-toc-section-end\"><\/span><\/h2>\n<p align=\"left\">Los tonos c\u00e1lidos como terracota, beige o verde suave hacen cualquier espacio m\u00e1s acogedor. Ad\u00e9mas de combinar con otras tendencias m\u00e1s coloridas que traigan consigo colores m\u00e1s fluor en rosas, naranjas e incluso amarillos, perfectos para relucirlos con art\u00edculos de decoraci\u00f3n.<\/p>\n<p align=\"left\"><span style=\"color: #333333;\">\ud83e\udef0<\/span>La <a href=\"https:\/\/www.tuco.net\/mesa-de-centro-rolo-5884.html?\/elige_el_color-blanco\">mesa de centro <b>ROLO<\/b><\/a>, en blanco, salvia o terracota, demuestra c\u00f3mo un simple mueble puede cambiar la vibra de tu sal\u00f3n.<\/p>\n<figure id=\"attachment_2413\" aria-describedby=\"caption-attachment-2413\" style=\"width: 1000px\" class=\"wp-caption alignnone\"><a href=\"https:\/\/www.tuco.net\/mesa-de-centro-rolo-5884.html?\/elige_el_color-blanco\"><img loading=\"lazy\" decoding=\"async\" class=\"wp-image-2413 size-full\" src=\"https:\/\/www.tuco.net\/blog\/wp-content\/uploads\/2025\/09\/WEB-MROLO-00.jpg\" alt=\"Mesa de centro ROLO\" width=\"1000\" height=\"700\" srcset=\"https:\/\/www.tuco.net\/blog\/wp-content\/uploads\/2025\/09\/WEB-MROLO-00.jpg 1000w, https:\/\/www.tuco.net\/blog\/wp-content\/uploads\/2025\/09\/WEB-MROLO-00-300x210.jpg 300w, https:\/\/www.tuco.net\/blog\/wp-content\/uploads\/2025\/09\/WEB-MROLO-00-768x538.jpg 768w\" sizes=\"auto, (max-width: 1000px) 100vw, 1000px\" \/><\/a><figcaption id=\"caption-attachment-2413\" class=\"wp-caption-text\">Mesa de centro ROLO<\/figcaption><\/figure>\n<p align=\"left\">Son ese mueble que siempre viene bien y que, adem\u00e1s, se ve incre\u00edble. Redondas, compactas y con doble nivel para que tengas a mano lo que quieras: desde tu caf\u00e9 ma\u00f1anero hasta tus revistas o gadgets favoritos.<\/p>\n<p align=\"left\">Lo mejor: est\u00e1n disponibles en varios colores (blanco, verde, terracota, beige\u2026) para que elijas la que m\u00e1s encaje con tu vibe. Una sola mesa para dar un toque moderno a tu sal\u00f3n, o varias combinadas para jugar con los tonos y crear un rinc\u00f3n de revista.<\/p>\n<p align=\"left\">Minimalistas, vers\u00e1tiles y con ese aire actual que transforma cualquier espacio en algo especial.<\/p>\n<h2 class=\"western\"><span class=\"ez-toc-section\" id=\"2_Contrastes_que_dan_vida\"><\/span><span style=\"color: #000000;\"><span style=\"font-size: medium;\"><b>2. Contrastes que dan vida<\/b><\/span><\/span><span class=\"ez-toc-section-end\"><\/span><\/h2>\n<p align=\"left\">La mezcla est\u00e1 de moda, por lo que te traemos mates con brillos, colores claros con oscuros, piezas ligeras junto a muebles robustos. La clave es no tener miedo a mezclar.<\/p>\n<p align=\"left\"><span style=\"color: #333333;\">\ud83e\udef0<\/span>El <a href=\"https:\/\/www.tuco.net\/muebles-de-salon-karnak-5865.html\">mueble de sal\u00f3n <b>KARNAK<\/b><\/a> combina madera y gris antracita, puro rock and roll.<\/p>\n<figure id=\"attachment_2415\" aria-describedby=\"caption-attachment-2415\" style=\"width: 1000px\" class=\"wp-caption alignnone\"><a href=\"http:\/\/https:\/\/www.tuco.net\/muebles-de-salon-karnak-5865.html\"><img loading=\"lazy\" decoding=\"async\" class=\"wp-image-2415 size-full\" src=\"https:\/\/www.tuco.net\/blog\/wp-content\/uploads\/2025\/09\/WEB-KARNAK-00.jpg\" alt=\"Muebles de sal\u00f3n KARNAK\" width=\"1000\" height=\"700\" srcset=\"https:\/\/www.tuco.net\/blog\/wp-content\/uploads\/2025\/09\/WEB-KARNAK-00.jpg 1000w, https:\/\/www.tuco.net\/blog\/wp-content\/uploads\/2025\/09\/WEB-KARNAK-00-300x210.jpg 300w, https:\/\/www.tuco.net\/blog\/wp-content\/uploads\/2025\/09\/WEB-KARNAK-00-768x538.jpg 768w\" sizes=\"auto, (max-width: 1000px) 100vw, 1000px\" \/><\/a><figcaption id=\"caption-attachment-2415\" class=\"wp-caption-text\">Muebles de sal\u00f3n KARNAK<\/figcaption><\/figure>\n<p>&nbsp;<\/p>\n<p align=\"left\">Ese mueble que hace que tu sal\u00f3n pase de \u201cnormalito\u201d a <i>wow<\/i> en un segundo. Su dise\u00f1o combina madera y acabados en negro y gris, creando un look moderno, urbano y lleno de personalidad.<\/p>\n<p align=\"left\">Funciona tanto como mueble TV como librer\u00eda, porque sus m\u00f3dulos son s\u00faper vers\u00e1tiles: espacio para tus libros, tus vinilos, tus pelis o esa deco que te encanta ense\u00f1ar. Y lo mejor: puedes jugar con la disposici\u00f3n y hacerlo tan minimal o tan cargado como quieras.<\/p>\n<p align=\"left\">Adem\u00e1s, su dise\u00f1o elevado da sensaci\u00f3n de amplitud y ligereza, sin renunciar a la capacidad de almacenaje. En resumen: pr\u00e1ctico, est\u00e9tico y con mucho rollo.<\/p>\n<p align=\"left\">Mientras que el <a href=\"http:\/\/tuco.net\/cabecero-con-paneles-mix-and-match-5875.html#\/elige_el_color-beige\">cabecero <b>MIX AND MATCH<\/b><\/a> te deja jugar con paneles en distintos colores para crear un dormitorio que da riendas a tu creatividad.<\/p>\n<figure id=\"attachment_2418\" aria-describedby=\"caption-attachment-2418\" style=\"width: 1000px\" class=\"wp-caption alignnone\"><a href=\"http:\/\/https:\/\/www.tuco.net\/cabecero-con-paneles-mix-and-match-5875.html?\/elige_el_color-beige\"><img loading=\"lazy\" decoding=\"async\" class=\"wp-image-2418 size-full\" src=\"https:\/\/www.tuco.net\/blog\/wp-content\/uploads\/2025\/09\/WEB-DORMITORIO2-00.jpg\" alt=\"Cabecero con paneles MIX AND MATCH\" width=\"1000\" height=\"700\" srcset=\"https:\/\/www.tuco.net\/blog\/wp-content\/uploads\/2025\/09\/WEB-DORMITORIO2-00.jpg 1000w, https:\/\/www.tuco.net\/blog\/wp-content\/uploads\/2025\/09\/WEB-DORMITORIO2-00-300x210.jpg 300w, https:\/\/www.tuco.net\/blog\/wp-content\/uploads\/2025\/09\/WEB-DORMITORIO2-00-768x538.jpg 768w\" sizes=\"auto, (max-width: 1000px) 100vw, 1000px\" \/><\/a><figcaption id=\"caption-attachment-2418\" class=\"wp-caption-text\">Cabecero con paneles MIX AND MATCH<\/figcaption><\/figure>\n<p align=\"left\">Dale a tu dormitorio ese toque personal que pide a gritos con el <a href=\"https:\/\/www.tuco.net\/cabecero-con-paneles-mix-and-match-5875.html?\/elige_el_color-beige\"><b>cabecero modular Mix&amp;Match<\/b>.<\/a> Su secreto est\u00e1 en las piezas independientes, tapizadas en tonos granate, gris y beige, que puedes combinar como quieras para crear un dise\u00f1o a tu medida.<\/p>\n<p align=\"left\">\u00bfCama grande? Lo haces XL. \u00bfPrefieres algo m\u00e1s recogido? Lo montas compacto. \u00bfQuieres un estilo neutro, sofisticado o con un puntazo de color? Todo vale. T\u00fa eliges la mezcla y el tama\u00f1o, y tu cama se convierte en el centro de todas las miradas.<\/p>\n<p align=\"left\">Adem\u00e1s de bonito, es c\u00f3modo, acogedor y aporta ese aire moderno que sube de nivel cualquier dormitorio.<\/p>\n<h2 class=\"western\"><span class=\"ez-toc-section\" id=\"3_Funcionalidad_con_actitud\"><\/span><span style=\"color: #000000;\"><span style=\"font-size: medium;\"><b>3. Funcionalidad con actitud<\/b><\/span><\/span><span class=\"ez-toc-section-end\"><\/span><\/h2>\n<p align=\"left\">Nada m\u00e1s actual que un espacio pr\u00e1ctico pero con personalidad. Muebles que resuelven tu d\u00eda a d\u00eda sin perder actitud, con sof\u00e1s c\u00f3modos, zapateros amplios o estanter\u00edas pr\u00e1cticas.<\/p>\n<p align=\"left\"><span style=\"color: #333333;\">\ud83e\udef0<\/span>La <a href=\"https:\/\/www.tuco.net\/chaise-longue-patas-metalicas-cloudy-5882.html?\/mano_chaise_longue-derecha_vista_de_frente\/color_tapizado-yvonne_01\">chaise longue <b>CLOUDY<\/b><\/a>, es amplia, c\u00f3moda, y con un dise\u00f1o moderno para tu sal\u00f3n.<\/p>\n<figure id=\"attachment_2419\" aria-describedby=\"caption-attachment-2419\" style=\"width: 1000px\" class=\"wp-caption alignnone\"><a href=\"http:\/\/https:\/\/www.tuco.net\/chaise-longue-patas-metalicas-cloudy-5882.html?\/mano_chaise_longue-derecha_vista_de_frente\/color_tapizado-yvonne_01\"><img loading=\"lazy\" decoding=\"async\" class=\"wp-image-2419 size-full\" src=\"https:\/\/www.tuco.net\/blog\/wp-content\/uploads\/2025\/09\/WEB-CHAISE-02.jpg\" alt=\"Chaise longue patas met\u00e1licas CLOUDY\" width=\"1000\" height=\"700\" srcset=\"https:\/\/www.tuco.net\/blog\/wp-content\/uploads\/2025\/09\/WEB-CHAISE-02.jpg 1000w, https:\/\/www.tuco.net\/blog\/wp-content\/uploads\/2025\/09\/WEB-CHAISE-02-300x210.jpg 300w, https:\/\/www.tuco.net\/blog\/wp-content\/uploads\/2025\/09\/WEB-CHAISE-02-768x538.jpg 768w\" sizes=\"auto, (max-width: 1000px) 100vw, 1000px\" \/><\/a><figcaption id=\"caption-attachment-2419\" class=\"wp-caption-text\">Chaise longue patas met\u00e1licas CLOUDY<\/figcaption><\/figure>\n<p>&nbsp;<\/p>\n<p align=\"left\">El <a href=\"https:\/\/www.tuco.net\/chaise-longue-patas-metalicas-cloudy-5882.html#\/mano_chaise_longue-derecha_vista_de_frente\/color_tapizado-yvonne_01\"><b>Cloudy<\/b> <\/a>es ese sof\u00e1 que lo tiene TODO: un dise\u00f1o limpio, moderno y elegante que encaja en cualquier sal\u00f3n, y una comodidad brutal que te invita a quedarte horas y horas sin moverte.<\/p>\n<p align=\"left\">Su chaise longue es la excusa perfecta para tirarte a ver pelis, maratonear series o echarte la siesta m\u00e1s \u00e9pica de tu vida. Los cojines son mullidos pero firmes, y el tapizado claro le da un toque fresh que ilumina el espacio.<\/p>\n<p align=\"left\">Patas finas y discretas que elevan el dise\u00f1o, l\u00edneas rectas que gritan minimalismo y un rollo vers\u00e1til que funciona tanto si buscas un sal\u00f3n chic como si lo quieres pr\u00e1ctico para el d\u00eda a d\u00eda.<\/p>\n<p align=\"left\">En la entrada, el <a href=\"https:\/\/www.tuco.net\/zapatero-4-puertas-8-baldas-bloom-5528.html#\/elige_el_color-gris_claro\">zapatero <b>BLOOM<\/b><\/a> mantiene el caos bajo control con estilo urbano, perfecto para guardar t\u00fa colecci\u00f3n de zapatillas intocable, y tu suelo libre de bacterias.<\/p>\n<figure id=\"attachment_2420\" aria-describedby=\"caption-attachment-2420\" style=\"width: 1000px\" class=\"wp-caption alignnone\"><a href=\"http:\/\/Zapatero%204%20puertas%208%20baldas%20BLOOM\"><img loading=\"lazy\" decoding=\"async\" class=\"wp-image-2420 size-full\" src=\"https:\/\/www.tuco.net\/blog\/wp-content\/uploads\/2025\/09\/WEB-ZAPATEROB-02.jpg\" alt=\"Zapatero 4 puertas 8 baldas BLOOM\" width=\"1000\" height=\"700\" srcset=\"https:\/\/www.tuco.net\/blog\/wp-content\/uploads\/2025\/09\/WEB-ZAPATEROB-02.jpg 1000w, https:\/\/www.tuco.net\/blog\/wp-content\/uploads\/2025\/09\/WEB-ZAPATEROB-02-300x210.jpg 300w, https:\/\/www.tuco.net\/blog\/wp-content\/uploads\/2025\/09\/WEB-ZAPATEROB-02-768x538.jpg 768w\" sizes=\"auto, (max-width: 1000px) 100vw, 1000px\" \/><\/a><figcaption id=\"caption-attachment-2420\" class=\"wp-caption-text\">Zapatero 4 puertas 8 baldas BLOOM<\/figcaption><\/figure>\n<p>&nbsp;<\/p>\n<h2 class=\"western\"><span class=\"ez-toc-section\" id=\"Nuestros_mejores_consejos_de_como_aplicar_estas_ideas_en_casa\"><\/span><span style=\"font-size: x-large;\"><b>Nuestros mejores consejos de c\u00f3mo aplicar estas ideas en casa:<\/b><\/span><span class=\"ez-toc-section-end\"><\/span><\/h2>\n<ul>\n<li>\n<p align=\"left\"><b>Sal\u00f3n con flow:<\/b> Combina la chaise longue <a href=\"http:\/\/tuco.net\/chaise-longue-patas-metalicas-cloudy-5882.html#\/mano_chaise_longue-derecha_vista_de_frente\/color_tapizado-yvonne_01\"><b>CLOUDY<\/b> <\/a>con la mesa <a href=\"https:\/\/www.tuco.net\/mesa-de-centro-rolo-5884.html#\/elige_el_color-blanco\"><b>ROLO<\/b> <\/a>y a\u00f1ade el mueble de sal\u00f3n <a href=\"https:\/\/www.tuco.net\/muebles-de-salon-karnak-5865.html\"><b>KARNAK<\/b><\/a>.<\/p>\n<\/li>\n<li>\n<p align=\"left\"><b>Dormitorio con car\u00e1cter:<\/b> Cama <a href=\"https:\/\/www.tuco.net\/cama-doble-con-2-cajones-2-estantes-pared-jaipur-5160.html\"><b>JAIPUR<\/b> <\/a>+ cabecero <a href=\"https:\/\/www.tuco.net\/cabecero-con-paneles-mix-and-match-5875.html#\/elige_el_color-beige\"><b>MIX AND MATCH<\/b><\/a> + c\u00f3moda <a href=\"https:\/\/www.tuco.net\/comoda-5-cajones-urbanbox-5879.html#\/elige_el_color-blanco_mate\"><b>URBANBOX<\/b> <\/a>= orden y dise\u00f1o.<\/p>\n<\/li>\n<li>\n<p align=\"left\"><b>Entrada a prueba de sneakers:<\/b> El zapatero <a href=\"https:\/\/www.tuco.net\/zapatero-4-puertas-8-baldas-bloom-5528.html?\/elige_el_color-gris_claro\"><b>BLOOM<\/b> <\/a>y la estanter\u00eda <a href=\"https:\/\/www.tuco.net\/estanteria-libreria-bronx-5874.html\"><b>BRONX<\/b> <\/a>(ideal para destacar tus objetos favoritos).<\/p>\n<\/li>\n<\/ul>\n<h2 align=\"left\"><\/h2>\n<h2 align=\"left\"><span class=\"ez-toc-section\" id=\"Dale_la_bienvenida_al_otono_con_Tuco\"><\/span><b style=\"font-size: x-large;\">Dale la bienvenida al oto\u00f1o con Tuco<\/b><span class=\"ez-toc-section-end\"><\/span><\/h2>\n<p align=\"left\">Septiembre llega con su: \u00ab\u00a1Oh, Dios m\u00edo!\u00bb, al borde del verano para darle un nuevo aire a tu casa. Con <a href=\"https:\/\/www.tuco.net\/nuevas-colecciones-447\"><b>NEW IN: Nueva colecci\u00f3n, nuevos espacios, nueva actitud<\/b><\/a>, Tuco te propone muebles que combinan dise\u00f1o, funcionalidad y estilo joven para que tu hogar refleje qui\u00e9n eres.<\/p>\n<p align=\"left\"><img loading=\"lazy\" decoding=\"async\" class=\"aligncenter size-full wp-image-2438\" src=\"https:\/\/www.tuco.net\/blog\/wp-content\/uploads\/2025\/09\/DESK-NC.gif\" alt=\"\" width=\"2200\" height=\"690\" \/><\/p>\n<p align=\"left\"><span style=\"color: #333333;\">\ud83d\udc40<\/span>Descubre la colecci\u00f3n NEW IN y transforma tu espacio este oto\u00f1o con piezas llenas de color y personalidad.<\/p>\n<p align=\"left\">Que en ACTITUD, no te gane nadie.<\/p>\n","protected":false},"excerpt":{"rendered":"<p>Septiembre: energ\u00eda nueva para tu casa Septiembre es como un reinicio. Volvemos a la rutina con ganas de cambios y con la excusa perfecta para darle un aire distinto a nuestra casa. Este oto\u00f1o no se trata de seguir la moda al pie de la letra, sino de crear un hogar que hable de ti:&hellip;&nbsp;<a href=\"https:\/\/www.tuco.net\/blog\/tendencias-de-decoracion-otono-2025-colores-e-ideas-para-un-hogar-con-actitud\/\" rel=\"bookmark\">Leer m\u00e1s &raquo;<span class=\"screen-reader-text\">Tendencias de decoraci\u00f3n oto\u00f1o 2025: colores e ideas para un hogar con actitud<\/span><\/a><\/p>\n","protected":false},"author":6,"featured_media":2421,"comment_status":"closed","ping_status":"closed","sticky":false,"template":"","format":"standard","meta":{"neve_meta_sidebar":"","neve_meta_container":"","neve_meta_enable_content_width":"off","neve_meta_content_width":70,"neve_meta_title_alignment":"","neve_meta_author_avatar":"","neve_post_elements_order":"","neve_meta_disable_header":"","neve_meta_disable_footer":"","neve_meta_disable_title":"","footnotes":""},"categories":[7,47,4,6],"tags":[],"class_list":["post-2412","post","type-post","status-publish","format-standard","has-post-thumbnail","hentry","category-entradas","category-inspiracion","category-truco-deco","category-tuco-lifestyle"],"yoast_head":"<!-- This site is optimized with the Yoast SEO plugin v22.2 - https:\/\/yoast.com\/wordpress\/plugins\/seo\/ -->\n<title>Tendencias de decoraci\u00f3n oto\u00f1o 2025: colores e ideas para un hogar con actitud - BLOG<\/title>\n<meta name=\"description\" content=\"Este oto\u00f1o dale actitud a tu casa con NEW IN de Tuco: muebles modernos, colores vibrantes y espacios que reflejan tu personalidad.\" \/>\n<meta name=\"robots\" content=\"index, follow, max-snippet:-1, max-image-preview:large, max-video-preview:-1\" \/>\n<link rel=\"canonical\" href=\"https:\/\/www.tuco.net\/blog\/tendencias-de-decoracion-otono-2025-colores-e-ideas-para-un-hogar-con-actitud\/\" \/>\n<meta property=\"og:locale\" content=\"es_ES\" \/>\n<meta property=\"og:type\" content=\"article\" \/>\n<meta property=\"og:title\" content=\"Tendencias de decoraci\u00f3n oto\u00f1o 2025: colores e ideas para un hogar con actitud - BLOG\" \/>\n<meta property=\"og:description\" content=\"Este oto\u00f1o dale actitud a tu casa con NEW IN de Tuco: muebles modernos, colores vibrantes y espacios que reflejan tu personalidad.\" \/>\n<meta property=\"og:url\" content=\"https:\/\/www.tuco.net\/blog\/tendencias-de-decoracion-otono-2025-colores-e-ideas-para-un-hogar-con-actitud\/\" \/>\n<meta property=\"og:site_name\" content=\"BLOG\" \/>\n<meta property=\"article:publisher\" content=\"https:\/\/www.facebook.com\/MueblesTuco\/\" \/>\n<meta property=\"article:published_time\" content=\"2025-09-05T12:01:21+00:00\" \/>\n<meta property=\"article:modified_time\" content=\"2025-10-06T12:00:47+00:00\" \/>\n<meta property=\"og:image\" content=\"https:\/\/www.tuco.net\/blog\/wp-content\/uploads\/2025\/09\/IMAGEN-BLOG-scaled.jpg\" \/>\n\t<meta property=\"og:image:width\" content=\"2560\" \/>\n\t<meta property=\"og:image:height\" content=\"812\" \/>\n\t<meta property=\"og:image:type\" content=\"image\/jpeg\" \/>\n<meta name=\"author\" content=\"Muebles Tuco\" \/>\n<meta name=\"twitter:card\" content=\"summary_large_image\" \/>\n<meta name=\"twitter:label1\" content=\"Escrito por\" \/>\n\t<meta name=\"twitter:data1\" content=\"Muebles Tuco\" \/>\n\t<meta name=\"twitter:label2\" content=\"Tiempo de lectura\" \/>\n\t<meta name=\"twitter:data2\" content=\"6 minutos\" \/>\n<script type=\"application\/ld+json\" class=\"yoast-schema-graph\">{\"@context\":\"https:\/\/schema.org\",\"@graph\":[{\"@type\":\"Article\",\"@id\":\"https:\/\/www.tuco.net\/blog\/tendencias-de-decoracion-otono-2025-colores-e-ideas-para-un-hogar-con-actitud\/#article\",\"isPartOf\":{\"@id\":\"https:\/\/www.tuco.net\/blog\/tendencias-de-decoracion-otono-2025-colores-e-ideas-para-un-hogar-con-actitud\/\"},\"author\":{\"name\":\"Muebles Tuco\",\"@id\":\"https:\/\/www.tuco.net\/blog\/#\/schema\/person\/764b6d259d9f19cc09e2c7422ac8edd3\"},\"headline\":\"Tendencias de decoraci\u00f3n oto\u00f1o 2025: colores e ideas para un hogar con actitud\",\"datePublished\":\"2025-09-05T12:01:21+00:00\",\"dateModified\":\"2025-10-06T12:00:47+00:00\",\"mainEntityOfPage\":{\"@id\":\"https:\/\/www.tuco.net\/blog\/tendencias-de-decoracion-otono-2025-colores-e-ideas-para-un-hogar-con-actitud\/\"},\"wordCount\":1046,\"publisher\":{\"@id\":\"https:\/\/www.tuco.net\/blog\/#organization\"},\"image\":{\"@id\":\"https:\/\/www.tuco.net\/blog\/tendencias-de-decoracion-otono-2025-colores-e-ideas-para-un-hogar-con-actitud\/#primaryimage\"},\"thumbnailUrl\":\"https:\/\/www.tuco.net\/blog\/wp-content\/uploads\/2025\/09\/IMAGEN-BLOG-scaled.jpg\",\"articleSection\":[\"Art\u00edculos del blog de Tuco\",\"Inspiraci\u00f3n\",\"TrucoDeco\",\"Tuco Lifestyle\"],\"inLanguage\":\"es\"},{\"@type\":\"WebPage\",\"@id\":\"https:\/\/www.tuco.net\/blog\/tendencias-de-decoracion-otono-2025-colores-e-ideas-para-un-hogar-con-actitud\/\",\"url\":\"https:\/\/www.tuco.net\/blog\/tendencias-de-decoracion-otono-2025-colores-e-ideas-para-un-hogar-con-actitud\/\",\"name\":\"Tendencias de decoraci\u00f3n oto\u00f1o 2025: colores e ideas para un hogar con actitud - BLOG\",\"isPartOf\":{\"@id\":\"https:\/\/www.tuco.net\/blog\/#website\"},\"primaryImageOfPage\":{\"@id\":\"https:\/\/www.tuco.net\/blog\/tendencias-de-decoracion-otono-2025-colores-e-ideas-para-un-hogar-con-actitud\/#primaryimage\"},\"image\":{\"@id\":\"https:\/\/www.tuco.net\/blog\/tendencias-de-decoracion-otono-2025-colores-e-ideas-para-un-hogar-con-actitud\/#primaryimage\"},\"thumbnailUrl\":\"https:\/\/www.tuco.net\/blog\/wp-content\/uploads\/2025\/09\/IMAGEN-BLOG-scaled.jpg\",\"datePublished\":\"2025-09-05T12:01:21+00:00\",\"dateModified\":\"2025-10-06T12:00:47+00:00\",\"description\":\"Este oto\u00f1o dale actitud a tu casa con NEW IN de Tuco: muebles modernos, colores vibrantes y espacios que reflejan tu personalidad.\",\"breadcrumb\":{\"@id\":\"https:\/\/www.tuco.net\/blog\/tendencias-de-decoracion-otono-2025-colores-e-ideas-para-un-hogar-con-actitud\/#breadcrumb\"},\"inLanguage\":\"es\",\"potentialAction\":[{\"@type\":\"ReadAction\",\"target\":[\"https:\/\/www.tuco.net\/blog\/tendencias-de-decoracion-otono-2025-colores-e-ideas-para-un-hogar-con-actitud\/\"]}]},{\"@type\":\"ImageObject\",\"inLanguage\":\"es\",\"@id\":\"https:\/\/www.tuco.net\/blog\/tendencias-de-decoracion-otono-2025-colores-e-ideas-para-un-hogar-con-actitud\/#primaryimage\",\"url\":\"https:\/\/www.tuco.net\/blog\/wp-content\/uploads\/2025\/09\/IMAGEN-BLOG-scaled.jpg\",\"contentUrl\":\"https:\/\/www.tuco.net\/blog\/wp-content\/uploads\/2025\/09\/IMAGEN-BLOG-scaled.jpg\",\"width\":2560,\"height\":812},{\"@type\":\"BreadcrumbList\",\"@id\":\"https:\/\/www.tuco.net\/blog\/tendencias-de-decoracion-otono-2025-colores-e-ideas-para-un-hogar-con-actitud\/#breadcrumb\",\"itemListElement\":[{\"@type\":\"ListItem\",\"position\":1,\"name\":\"Portada\",\"item\":\"https:\/\/www.tuco.net\/blog\/\"},{\"@type\":\"ListItem\",\"position\":2,\"name\":\"Tendencias de decoraci\u00f3n oto\u00f1o 2025: colores e ideas para un hogar con actitud\"}]},{\"@type\":\"WebSite\",\"@id\":\"https:\/\/www.tuco.net\/blog\/#website\",\"url\":\"https:\/\/www.tuco.net\/blog\/\",\"name\":\"BLOG\",\"description\":\"Blog de tuco.net\",\"publisher\":{\"@id\":\"https:\/\/www.tuco.net\/blog\/#organization\"},\"potentialAction\":[{\"@type\":\"SearchAction\",\"target\":{\"@type\":\"EntryPoint\",\"urlTemplate\":\"https:\/\/www.tuco.net\/blog\/?s={search_term_string}\"},\"query-input\":\"required name=search_term_string\"}],\"inLanguage\":\"es\"},{\"@type\":\"Organization\",\"@id\":\"https:\/\/www.tuco.net\/blog\/#organization\",\"name\":\"BLOG\",\"url\":\"https:\/\/www.tuco.net\/blog\/\",\"logo\":{\"@type\":\"ImageObject\",\"inLanguage\":\"es\",\"@id\":\"https:\/\/www.tuco.net\/blog\/#\/schema\/logo\/image\/\",\"url\":\"https:\/\/www.tuco.net\/blog\/wp-content\/uploads\/2022\/02\/cropped-logo-tuco-circular-1.png\",\"contentUrl\":\"https:\/\/www.tuco.net\/blog\/wp-content\/uploads\/2022\/02\/cropped-logo-tuco-circular-1.png\",\"width\":512,\"height\":512,\"caption\":\"BLOG\"},\"image\":{\"@id\":\"https:\/\/www.tuco.net\/blog\/#\/schema\/logo\/image\/\"},\"sameAs\":[\"https:\/\/www.facebook.com\/MueblesTuco\/\",\"https:\/\/www.instagram.com\/mueblestuco\/?hl=es\"]},{\"@type\":\"Person\",\"@id\":\"https:\/\/www.tuco.net\/blog\/#\/schema\/person\/764b6d259d9f19cc09e2c7422ac8edd3\",\"name\":\"Muebles Tuco\",\"url\":\"https:\/\/www.tuco.net\/blog\/author\/muebles-tuco\/\"}]}<\/script>\n<!-- \/ Yoast SEO plugin. -->","yoast_head_json":{"title":"Tendencias de decoraci\u00f3n oto\u00f1o 2025: colores e ideas para un hogar con actitud - BLOG","description":"Este oto\u00f1o dale actitud a tu casa con NEW IN de Tuco: muebles modernos, colores vibrantes y espacios que reflejan tu personalidad.","robots":{"index":"index","follow":"follow","max-snippet":"max-snippet:-1","max-image-preview":"max-image-preview:large","max-video-preview":"max-video-preview:-1"},"canonical":"https:\/\/www.tuco.net\/blog\/tendencias-de-decoracion-otono-2025-colores-e-ideas-para-un-hogar-con-actitud\/","og_locale":"es_ES","og_type":"article","og_title":"Tendencias de decoraci\u00f3n oto\u00f1o 2025: colores e ideas para un hogar con actitud - BLOG","og_description":"Este oto\u00f1o dale actitud a tu casa con NEW IN de Tuco: muebles modernos, colores vibrantes y espacios que reflejan tu personalidad.","og_url":"https:\/\/www.tuco.net\/blog\/tendencias-de-decoracion-otono-2025-colores-e-ideas-para-un-hogar-con-actitud\/","og_site_name":"BLOG","article_publisher":"https:\/\/www.facebook.com\/MueblesTuco\/","article_published_time":"2025-09-05T12:01:21+00:00","article_modified_time":"2025-10-06T12:00:47+00:00","og_image":[{"width":2560,"height":812,"url":"https:\/\/www.tuco.net\/blog\/wp-content\/uploads\/2025\/09\/IMAGEN-BLOG-scaled.jpg","type":"image\/jpeg"}],"author":"Muebles Tuco","twitter_card":"summary_large_image","twitter_misc":{"Escrito por":"Muebles Tuco","Tiempo de lectura":"6 minutos"},"schema":{"@context":"https:\/\/schema.org","@graph":[{"@type":"Article","@id":"https:\/\/www.tuco.net\/blog\/tendencias-de-decoracion-otono-2025-colores-e-ideas-para-un-hogar-con-actitud\/#article","isPartOf":{"@id":"https:\/\/www.tuco.net\/blog\/tendencias-de-decoracion-otono-2025-colores-e-ideas-para-un-hogar-con-actitud\/"},"author":{"name":"Muebles Tuco","@id":"https:\/\/www.tuco.net\/blog\/#\/schema\/person\/764b6d259d9f19cc09e2c7422ac8edd3"},"headline":"Tendencias de decoraci\u00f3n oto\u00f1o 2025: colores e ideas para un hogar con actitud","datePublished":"2025-09-05T12:01:21+00:00","dateModified":"2025-10-06T12:00:47+00:00","mainEntityOfPage":{"@id":"https:\/\/www.tuco.net\/blog\/tendencias-de-decoracion-otono-2025-colores-e-ideas-para-un-hogar-con-actitud\/"},"wordCount":1046,"publisher":{"@id":"https:\/\/www.tuco.net\/blog\/#organization"},"image":{"@id":"https:\/\/www.tuco.net\/blog\/tendencias-de-decoracion-otono-2025-colores-e-ideas-para-un-hogar-con-actitud\/#primaryimage"},"thumbnailUrl":"https:\/\/www.tuco.net\/blog\/wp-content\/uploads\/2025\/09\/IMAGEN-BLOG-scaled.jpg","articleSection":["Art\u00edculos del blog de Tuco","Inspiraci\u00f3n","TrucoDeco","Tuco Lifestyle"],"inLanguage":"es"},{"@type":"WebPage","@id":"https:\/\/www.tuco.net\/blog\/tendencias-de-decoracion-otono-2025-colores-e-ideas-para-un-hogar-con-actitud\/","url":"https:\/\/www.tuco.net\/blog\/tendencias-de-decoracion-otono-2025-colores-e-ideas-para-un-hogar-con-actitud\/","name":"Tendencias de decoraci\u00f3n oto\u00f1o 2025: colores e ideas para un hogar con actitud - BLOG","isPartOf":{"@id":"https:\/\/www.tuco.net\/blog\/#website"},"primaryImageOfPage":{"@id":"https:\/\/www.tuco.net\/blog\/tendencias-de-decoracion-otono-2025-colores-e-ideas-para-un-hogar-con-actitud\/#primaryimage"},"image":{"@id":"https:\/\/www.tuco.net\/blog\/tendencias-de-decoracion-otono-2025-colores-e-ideas-para-un-hogar-con-actitud\/#primaryimage"},"thumbnailUrl":"https:\/\/www.tuco.net\/blog\/wp-content\/uploads\/2025\/09\/IMAGEN-BLOG-scaled.jpg","datePublished":"2025-09-05T12:01:21+00:00","dateModified":"2025-10-06T12:00:47+00:00","description":"Este oto\u00f1o dale actitud a tu casa con NEW IN de Tuco: muebles modernos, colores vibrantes y espacios que reflejan tu personalidad.","breadcrumb":{"@id":"https:\/\/www.tuco.net\/blog\/tendencias-de-decoracion-otono-2025-colores-e-ideas-para-un-hogar-con-actitud\/#breadcrumb"},"inLanguage":"es","potentialAction":[{"@type":"ReadAction","target":["https:\/\/www.tuco.net\/blog\/tendencias-de-decoracion-otono-2025-colores-e-ideas-para-un-hogar-con-actitud\/"]}]},{"@type":"ImageObject","inLanguage":"es","@id":"https:\/\/www.tuco.net\/blog\/tendencias-de-decoracion-otono-2025-colores-e-ideas-para-un-hogar-con-actitud\/#primaryimage","url":"https:\/\/www.tuco.net\/blog\/wp-content\/uploads\/2025\/09\/IMAGEN-BLOG-scaled.jpg","contentUrl":"https:\/\/www.tuco.net\/blog\/wp-content\/uploads\/2025\/09\/IMAGEN-BLOG-scaled.jpg","width":2560,"height":812},{"@type":"BreadcrumbList","@id":"https:\/\/www.tuco.net\/blog\/tendencias-de-decoracion-otono-2025-colores-e-ideas-para-un-hogar-con-actitud\/#breadcrumb","itemListElement":[{"@type":"ListItem","position":1,"name":"Portada","item":"https:\/\/www.tuco.net\/blog\/"},{"@type":"ListItem","position":2,"name":"Tendencias de decoraci\u00f3n oto\u00f1o 2025: colores e ideas para un hogar con actitud"}]},{"@type":"WebSite","@id":"https:\/\/www.tuco.net\/blog\/#website","url":"https:\/\/www.tuco.net\/blog\/","name":"BLOG","description":"Blog de tuco.net","publisher":{"@id":"https:\/\/www.tuco.net\/blog\/#organization"},"potentialAction":[{"@type":"SearchAction","target":{"@type":"EntryPoint","urlTemplate":"https:\/\/www.tuco.net\/blog\/?s={search_term_string}"},"query-input":"required name=search_term_string"}],"inLanguage":"es"},{"@type":"Organization","@id":"https:\/\/www.tuco.net\/blog\/#organization","name":"BLOG","url":"https:\/\/www.tuco.net\/blog\/","logo":{"@type":"ImageObject","inLanguage":"es","@id":"https:\/\/www.tuco.net\/blog\/#\/schema\/logo\/image\/","url":"https:\/\/www.tuco.net\/blog\/wp-content\/uploads\/2022\/02\/cropped-logo-tuco-circular-1.png","contentUrl":"https:\/\/www.tuco.net\/blog\/wp-content\/uploads\/2022\/02\/cropped-logo-tuco-circular-1.png","width":512,"height":512,"caption":"BLOG"},"image":{"@id":"https:\/\/www.tuco.net\/blog\/#\/schema\/logo\/image\/"},"sameAs":["https:\/\/www.facebook.com\/MueblesTuco\/","https:\/\/www.instagram.com\/mueblestuco\/?hl=es"]},{"@type":"Person","@id":"https:\/\/www.tuco.net\/blog\/#\/schema\/person\/764b6d259d9f19cc09e2c7422ac8edd3","name":"Muebles Tuco","url":"https:\/\/www.tuco.net\/blog\/author\/muebles-tuco\/"}]}},"_links":{"self":[{"href":"https:\/\/www.tuco.net\/blog\/wp-json\/wp\/v2\/posts\/2412","targetHints":{"allow":["GET"]}}],"collection":[{"href":"https:\/\/www.tuco.net\/blog\/wp-json\/wp\/v2\/posts"}],"about":[{"href":"https:\/\/www.tuco.net\/blog\/wp-json\/wp\/v2\/types\/post"}],"author":[{"embeddable":true,"href":"https:\/\/www.tuco.net\/blog\/wp-json\/wp\/v2\/users\/6"}],"replies":[{"embeddable":true,"href":"https:\/\/www.tuco.net\/blog\/wp-json\/wp\/v2\/comments?post=2412"}],"version-history":[{"count":26,"href":"https:\/\/www.tuco.net\/blog\/wp-json\/wp\/v2\/posts\/2412\/revisions"}],"predecessor-version":[{"id":2446,"href":"https:\/\/www.tuco.net\/blog\/wp-json\/wp\/v2\/posts\/2412\/revisions\/2446"}],"wp:featuredmedia":[{"embeddable":true,"href":"https:\/\/www.tuco.net\/blog\/wp-json\/wp\/v2\/media\/2421"}],"wp:attachment":[{"href":"https:\/\/www.tuco.net\/blog\/wp-json\/wp\/v2\/media?parent=2412"}],"wp:term":[{"taxonomy":"category","embeddable":true,"href":"https:\/\/www.tuco.net\/blog\/wp-json\/wp\/v2\/categories?post=2412"},{"taxonomy":"post_tag","embeddable":true,"href":"https:\/\/www.tuco.net\/blog\/wp-json\/wp\/v2\/tags?post=2412"}],"curies":[{"name":"wp","href":"https:\/\/api.w.org\/{rel}","templated":true}]}}