{"id":2383,"date":"2025-08-19T10:28:02","date_gmt":"2025-08-19T10:28:02","guid":{"rendered":"https:\/\/www.tuco.net\/blog\/?p=2383"},"modified":"2025-08-19T10:28:02","modified_gmt":"2025-08-19T10:28:02","slug":"decora-sin-reglas-color-actitud-y-mucha-personalidad","status":"publish","type":"post","link":"https:\/\/www.tuco.net\/blog\/decora-sin-reglas-color-actitud-y-mucha-personalidad\/","title":{"rendered":"Decora sin reglas: color, actitud y mucha personalidad"},"content":{"rendered":"<div id=\"ez-toc-container\" class=\"ez-toc-v2_0_63 counter-hierarchy ez-toc-counter ez-toc-custom ez-toc-container-direction\">\n<div class=\"ez-toc-title-container\">\n<p class=\"ez-toc-title \" >Tabla de contenidos<\/p>\n<span class=\"ez-toc-title-toggle\"><a href=\"#\" class=\"ez-toc-pull-right ez-toc-btn ez-toc-btn-xs ez-toc-btn-default ez-toc-toggle\" aria-label=\"Toggle Table of Content\"><span class=\"ez-toc-js-icon-con\"><span class=\"\"><span class=\"eztoc-hide\" style=\"display:none;\">Toggle<\/span><span class=\"ez-toc-icon-toggle-span\"><svg style=\"fill: #545454;color:#545454\" xmlns=\"http:\/\/www.w3.org\/2000\/svg\" class=\"list-377408\" width=\"20px\" height=\"20px\" viewBox=\"0 0 24 24\" fill=\"none\"><path d=\"M6 6H4v2h2V6zm14 0H8v2h12V6zM4 11h2v2H4v-2zm16 0H8v2h12v-2zM4 16h2v2H4v-2zm16 0H8v2h12v-2z\" fill=\"currentColor\"><\/path><\/svg><svg style=\"fill: #545454;color:#545454\" class=\"arrow-unsorted-368013\" xmlns=\"http:\/\/www.w3.org\/2000\/svg\" width=\"10px\" height=\"10px\" viewBox=\"0 0 24 24\" version=\"1.2\" baseProfile=\"tiny\"><path d=\"M18.2 9.3l-6.2-6.3-6.2 6.3c-.2.2-.3.4-.3.7s.1.5.3.7c.2.2.4.3.7.3h11c.3 0 .5-.1.7-.3.2-.2.3-.5.3-.7s-.1-.5-.3-.7zM5.8 14.7l6.2 6.3 6.2-6.3c.2-.2.3-.5.3-.7s-.1-.5-.3-.7c-.2-.2-.4-.3-.7-.3h-11c-.3 0-.5.1-.7.3-.2.2-.3.5-.3.7s.1.5.3.7z\"\/><\/svg><\/span><\/span><\/span><\/a><\/span><\/div>\n<nav><ul class='ez-toc-list ez-toc-list-level-1 ' ><li class='ez-toc-page-1 ez-toc-heading-level-2'><a class=\"ez-toc-link ez-toc-heading-1\" href=\"https:\/\/www.tuco.net\/blog\/decora-sin-reglas-color-actitud-y-mucha-personalidad\/#Dale_un_aire_nuevo_a_tu_casa_con_pequenos_cambios_decorativos\" title=\"Dale un aire nuevo a tu casa con peque\u00f1os cambios decorativos\">Dale un aire nuevo a tu casa con peque\u00f1os cambios decorativos<\/a><\/li><li class='ez-toc-page-1 ez-toc-heading-level-2'><a class=\"ez-toc-link ez-toc-heading-2\" href=\"https:\/\/www.tuco.net\/blog\/decora-sin-reglas-color-actitud-y-mucha-personalidad\/#Cojines_y_textiles_el_toque_facil_para_transformar_tu_salon_o_dormitorio\" title=\"Cojines y textiles: el toque f\u00e1cil para transformar tu sal\u00f3n o dormitorio\">Cojines y textiles: el toque f\u00e1cil para transformar tu sal\u00f3n o dormitorio<\/a><\/li><li class='ez-toc-page-1 ez-toc-heading-level-2'><a class=\"ez-toc-link ez-toc-heading-3\" href=\"https:\/\/www.tuco.net\/blog\/decora-sin-reglas-color-actitud-y-mucha-personalidad\/#Laminas_y_cuadros_modernos_que_rompen_la_rutina_visual\" title=\"L\u00e1minas y cuadros modernos que rompen la rutina visual\">L\u00e1minas y cuadros modernos que rompen la rutina visual<\/a><\/li><li class='ez-toc-page-1 ez-toc-heading-level-2'><a class=\"ez-toc-link ez-toc-heading-4\" href=\"https:\/\/www.tuco.net\/blog\/decora-sin-reglas-color-actitud-y-mucha-personalidad\/#Disenos_que_destacan_maceteros_con_caracter_para_tu_casa\" title=\"Dise\u00f1os que destacan: maceteros con car\u00e1cter para tu casa\">Dise\u00f1os que destacan: maceteros con car\u00e1cter para tu casa<\/a><\/li><li class='ez-toc-page-1 ez-toc-heading-level-2'><a class=\"ez-toc-link ez-toc-heading-5\" href=\"https:\/\/www.tuco.net\/blog\/decora-sin-reglas-color-actitud-y-mucha-personalidad\/#Tu_rincon_favorito_merece_un_extra_detalles_con_alma\" title=\"Tu rinc\u00f3n favorito merece un extra: detalles con alma\">Tu rinc\u00f3n favorito merece un extra: detalles con alma<\/a><\/li><\/ul><\/nav><\/div>\n<h2 data-start=\"366\" data-end=\"430\"><span class=\"ez-toc-section\" id=\"Dale_un_aire_nuevo_a_tu_casa_con_pequenos_cambios_decorativos\"><\/span>Dale un aire nuevo a tu casa con peque\u00f1os cambios decorativos<span class=\"ez-toc-section-end\"><\/span><\/h2>\n<p data-start=\"432\" data-end=\"800\">\u00bfGanas de cambiar sin meterte en reformas? <strong><a href=\"https:\/\/www.tuco.net\/\">en Tuco<\/a><\/strong> te lo ponen f\u00e1cil para transformar tu casa solo con detalles. <a href=\"https:\/\/www.tuco.net\/cojines-372\">Cojines<\/a> que animan el sof\u00e1, <a href=\"https:\/\/www.tuco.net\/cuadros-y-marcos-388\">cuadros y l\u00e1minas<\/a> que dan personalidad a tus paredes, <a href=\"https:\/\/www.tuco.net\/maceteros-370\" target=\"_blank\" rel=\"noopener\">maceteros<\/a> con mucho color&#8230;<strong> Porque decorar es otra forma de contar qui\u00e9n eres.<\/strong><\/p>\n<p data-start=\"802\" data-end=\"956\">Con ideas como estas, puedes<strong> redescubrir tu sal\u00f3n, refrescar el dormitorio o darle nueva vida a ese rinc\u00f3n olvidado<\/strong>. Aqu\u00ed van algunas pistas para empezar.<\/p>\n<p data-start=\"802\" data-end=\"956\"><img loading=\"lazy\" decoding=\"async\" class=\"aligncenter wp-image-2393\" src=\"https:\/\/www.tuco.net\/blog\/wp-content\/uploads\/2025\/07\/85A3346-Editar.jpg\" alt=\"\" width=\"495\" height=\"396\" \/><\/p>\n<h2 data-start=\"140\" data-end=\"217\"><span class=\"ez-toc-section\" id=\"Cojines_y_textiles_el_toque_facil_para_transformar_tu_salon_o_dormitorio\"><\/span>Cojines y textiles: el toque f\u00e1cil para transformar tu sal\u00f3n o dormitorio<span class=\"ez-toc-section-end\"><\/span><\/h2>\n<p data-start=\"219\" data-end=\"458\"><strong>Una buena <a href=\"https:\/\/www.tuco.net\/cojines-372\" target=\"_blank\" rel=\"noopener\">combinaci\u00f3n de cojines<\/a> puede convertir cualquier <a href=\"https:\/\/www.tuco.net\/sofas-baratos-35\" target=\"_blank\" rel=\"noopener\">sof\u00e1 <\/a>o <a href=\"https:\/\/www.tuco.net\/dormitorios-completos-43\" target=\"_blank\" rel=\"noopener\">cama<\/a><\/strong> en el foco de estilo de tu casa. \u00a0Como los estampados vibrantes, las texturas naturales y los colores con energ\u00eda.<\/p>\n<p data-start=\"460\" data-end=\"1026\"><strong>Los cojines reversibles <a href=\"https:\/\/www.tuco.net\/cojin-reversible-de-estampado-vichy-4909.html?%2Felige_el_color-rojo=\" target=\"_blank\" rel=\"noopener\">LAPERRA y ELCARI<\/a> <\/strong>apuestan por una doble cara con personalidad: cuadros atrevidos por un lado y lisos por el otro, con ese vivo amarillo que rompe la monoton\u00eda de un solo vistazo. Si prefieres un dise\u00f1o m\u00e1s relajado pero con textura, <strong>el <a href=\"https:\/\/www.tuco.net\/cojin-de-algodon-rectangular-nautic-5570.html#\/elige_el_color-negro\" target=\"_blank\" rel=\"noopener\">Coj\u00edn de algod\u00f3n rectangular NAUTIC<\/a> en blanco y negro aporta ese aire natural perfecto<\/strong> para salones costeros o minimalistas. \u00bfY para sumar car\u00e1cter con un toque artesanal? <strong>El <a href=\"https:\/\/www.tuco.net\/cojin-algodon-etnico-ziko-5795.html#\/elige_el_color-verde\" target=\"_blank\" rel=\"noopener\">Coj\u00edn Algod\u00f3n \u00c9tnico ZIKO<\/a>, con bordados en tonos c\u00e1lidos y formas geom\u00e9tricas<\/strong>, aporta un punto \u00e9tnico irresistible.<\/p>\n<p data-start=\"1028\" data-end=\"1169\">Y no olvides incluir un mensaje con alma: <strong>el <a href=\"https:\/\/www.tuco.net\/cojin-de-algodon-letras-home-5469.html\" target=\"_blank\" rel=\"noopener\">Coj\u00edn HOME<\/a> es perfecto para un rinc\u00f3n de lectura o para llenar de buen rollo tus ratos de descanso.<\/strong><\/p>\n<p data-start=\"1171\" data-end=\"1352\">M\u00e9zclalos entre s\u00ed, crea una paleta con capas, o col\u00f3calos tambi\u00e9n en el suelo para un rinc\u00f3n relajado y con estilo. <strong>Sin reglas. Solo ganas de transformar tu casa sin complicaciones.<\/strong><\/p>\n<p data-start=\"1171\" data-end=\"1352\"><img loading=\"lazy\" decoding=\"async\" class=\"aligncenter wp-image-2390\" src=\"https:\/\/www.tuco.net\/blog\/wp-content\/uploads\/2025\/07\/44666-large_default.webp\" alt=\"\" width=\"495\" height=\"347\" srcset=\"https:\/\/www.tuco.net\/blog\/wp-content\/uploads\/2025\/07\/44666-large_default.webp 1000w, https:\/\/www.tuco.net\/blog\/wp-content\/uploads\/2025\/07\/44666-large_default-300x210.webp 300w, https:\/\/www.tuco.net\/blog\/wp-content\/uploads\/2025\/07\/44666-large_default-768x538.webp 768w\" sizes=\"auto, (max-width: 495px) 100vw, 495px\" \/><\/p>\n<h2 data-start=\"184\" data-end=\"242\"><span class=\"ez-toc-section\" id=\"Laminas_y_cuadros_modernos_que_rompen_la_rutina_visual\"><\/span>L\u00e1minas y cuadros modernos que rompen la rutina visual<span class=\"ez-toc-section-end\"><\/span><\/h2>\n<p data-start=\"244\" data-end=\"613\">Si tus paredes siguen vac\u00edas, es el momento de ponerles voz. Las l\u00e1minas decorativas como la <a href=\"https:\/\/www.tuco.net\/lamina-decorativa-langosta-5395.html\" target=\"_blank\" rel=\"noopener\"><strong data-start=\"337\" data-end=\"356\">L\u00e1mina LANGOSTA<\/strong> <\/a>o la divertida <a href=\"https:\/\/www.tuco.net\/lamina-decorativa-pink-panther-5398.html\" target=\"_blank\" rel=\"noopener\"><strong data-start=\"372\" data-end=\"395\">L\u00e1mina pink PANTHER<\/strong><\/a> <strong>est\u00e1n llenas de color, actitud y esa chispa diferente que le da vida al espacio<\/strong><\/p>\n<p data-start=\"615\" data-end=\"920\">Si lo tuyo son los mensajes con fuerza, el <a href=\"https:\/\/www.tuco.net\/cuadro-lienzo-rojo-love-5636.html\" target=\"_blank\" rel=\"noopener\"><strong data-start=\"658\" data-end=\"685\">Cuadro lienzo rojo LOVE<\/strong><\/a> es un cl\u00e1sico renovado con efecto \u00f3leo que no pasa desapercibido. \u00bfPrefieres algo m\u00e1s art\u00edstico? El <a href=\"https:\/\/www.tuco.net\/cuadro-cara-abstracto-lena-5738.html?%2Fn_opciones-opcion_1=\" target=\"_blank\" rel=\"noopener\"><strong data-start=\"786\" data-end=\"816\">Cuadro cara abstracto LENA<\/strong> <\/a>o el <a href=\"https:\/\/www.tuco.net\/cuadro-algodon-sonoma-5746.html#\/n_opciones-opcion_1\" target=\"_blank\" rel=\"noopener\"><strong data-start=\"822\" data-end=\"847\">Cuadro algod\u00f3n SONOMA<\/strong><\/a> <strong>apuestan por l\u00edneas modernas y texturas que aportan volumen y dinamismo.<\/strong><\/p>\n<p data-start=\"615\" data-end=\"920\"><img loading=\"lazy\" decoding=\"async\" class=\"aligncenter wp-image-2395\" src=\"https:\/\/www.tuco.net\/blog\/wp-content\/uploads\/2025\/07\/85A2953-Editar-scaled.jpg\" alt=\"\" width=\"409\" height=\"419\" srcset=\"https:\/\/www.tuco.net\/blog\/wp-content\/uploads\/2025\/07\/85A2953-Editar-scaled.jpg 2498w, https:\/\/www.tuco.net\/blog\/wp-content\/uploads\/2025\/07\/85A2953-Editar-293x300.jpg 293w, https:\/\/www.tuco.net\/blog\/wp-content\/uploads\/2025\/07\/85A2953-Editar-999x1024.jpg 999w, https:\/\/www.tuco.net\/blog\/wp-content\/uploads\/2025\/07\/85A2953-Editar-768x787.jpg 768w, https:\/\/www.tuco.net\/blog\/wp-content\/uploads\/2025\/07\/85A2953-Editar-1499x1536.jpg 1499w, https:\/\/www.tuco.net\/blog\/wp-content\/uploads\/2025\/07\/85A2953-Editar-1998x2048.jpg 1998w\" sizes=\"auto, (max-width: 409px) 100vw, 409px\" \/><\/p>\n<h2 data-start=\"615\" data-end=\"920\"><span class=\"ez-toc-section\" id=\"Disenos_que_destacan_maceteros_con_caracter_para_tu_casa\"><\/span>Dise\u00f1os que destacan: maceteros con car\u00e1cter para tu casa<span class=\"ez-toc-section-end\"><\/span><\/h2>\n<p data-start=\"142\" data-end=\"292\">Las plantas hacen magia en cualquier habitaci\u00f3n, pero el macetero adecuado tambi\u00e9n cuenta.<strong> Y este verano, los dise\u00f1os m\u00e1s originales est\u00e1n en <a href=\"https:\/\/www.tuco.net\/\">Tuco<\/a><a href=\"https:\/\/www.tuco.net\/ahora-en-oferta-83\" target=\"_blank\" rel=\"noopener\">.<\/a><\/strong><\/p>\n<p data-start=\"294\" data-end=\"650\">Los <a href=\"https:\/\/www.tuco.net\/macetero-dolomite-vire-5806.html?\/elige_el_color-mostaza\" target=\"_blank\" rel=\"noopener\"><strong data-start=\"298\" data-end=\"327\">maceteros de colores VIRE<\/strong><\/a> llegan en tonos vibrantes como rosa, mostaza o azul: ideales para llenar tu sal\u00f3n o recibidor de energ\u00eda positiva. El <a href=\"https:\/\/www.tuco.net\/macetero-ceramica-bann-5783.html\" target=\"_blank\" rel=\"noopener\"><strong data-start=\"446\" data-end=\"463\">macetero BANN<\/strong><\/a>, en cer\u00e1mica estriada, tiene un aire minimalista que va con todo. Y si te atreves con algo m\u00e1s rompedor, <strong>el <a href=\"https:\/\/www.tuco.net\/macetero-calavera-con-lunares-luni-4905.html\" target=\"_blank\" rel=\"noopener\">macetero calavera con lunares LUNI<\/a> es el toque divertido que nadie espera.<\/strong><\/p>\n<p data-start=\"652\" data-end=\"1007\"><strong>Completa el conjunto con piezas como el<a href=\"https:\/\/www.tuco.net\/jarron-de-metal-pintado-forssa-5117.html#\/color_de_estructura-rojo_oscuro\" target=\"_blank\" rel=\"noopener\"> jarr\u00f3n FORSSA<\/a>,<\/strong> de l\u00edneas escult\u00f3ricas y disponible en varios colores: perfecto para acompa\u00f1ar composiciones de l\u00e1minas, flores secas o simplemente destacar por s\u00ed solo en un <a href=\"https:\/\/www.tuco.net\/muebles-auxiliares-baratos-10\" target=\"_blank\" rel=\"noopener\">mueble auxiliar.<\/a><\/p>\n<p data-start=\"652\" data-end=\"1007\"><img loading=\"lazy\" decoding=\"async\" class=\"aligncenter wp-image-2403\" src=\"https:\/\/www.tuco.net\/blog\/wp-content\/uploads\/2025\/07\/85A2114-1.jpg\" alt=\"\" width=\"495\" height=\"371\" srcset=\"https:\/\/www.tuco.net\/blog\/wp-content\/uploads\/2025\/07\/85A2114-1.jpg 2500w, https:\/\/www.tuco.net\/blog\/wp-content\/uploads\/2025\/07\/85A2114-1-300x225.jpg 300w, https:\/\/www.tuco.net\/blog\/wp-content\/uploads\/2025\/07\/85A2114-1-1024x768.jpg 1024w, https:\/\/www.tuco.net\/blog\/wp-content\/uploads\/2025\/07\/85A2114-1-768x576.jpg 768w, https:\/\/www.tuco.net\/blog\/wp-content\/uploads\/2025\/07\/85A2114-1-1536x1151.jpg 1536w, https:\/\/www.tuco.net\/blog\/wp-content\/uploads\/2025\/07\/85A2114-1-2048x1535.jpg 2048w\" sizes=\"auto, (max-width: 495px) 100vw, 495px\" \/><\/p>\n<h2 data-start=\"3447\" data-end=\"3503\"><span class=\"ez-toc-section\" id=\"Tu_rincon_favorito_merece_un_extra_detalles_con_alma\"><\/span>Tu rinc\u00f3n favorito merece un extra: detalles con alma<span class=\"ez-toc-section-end\"><\/span><\/h2>\n<p data-start=\"3505\" data-end=\"3732\"><strong>A veces solo necesitas un rinc\u00f3n bien pensado para sentir que has cambiado de casa.<\/strong> Unos cojines que te hagan sonre\u00edr, una l\u00e1mina con mensaje, una planta con un <a href=\"https:\/\/www.tuco.net\/maceteros-370\"><strong>macetero especial\u2026<\/strong><\/a> y ya tienes tu <strong>nuevo refugio sin mover paredes.<\/strong><\/p>\n<p data-start=\"3734\" data-end=\"3976\">A\u00f1ade un <strong>mueble auxiliar con personalidad<\/strong>, como el <a href=\"https:\/\/www.tuco.net\/aparador-2-puertas-y-3-cajones-metalico-colors-5610.html#\/elige_el_color-azul\" target=\"_blank\" rel=\"noopener\"><strong data-start=\"3785\" data-end=\"3813\">aparador met\u00e1lico COLORS<\/strong><\/a>, perfecto para dar un toque pop a cualquier ambiente. A su lado, unos libros, un marco, una l\u00e1mpara original como la <strong><a href=\"https:\/\/www.tuco.net\/lampara-ardilla-numa-5637.html\" target=\"_blank\" rel=\"noopener\">L\u00e1mpara ardilla NUMA<\/a><\/strong>\u2026 y <strong>ver\u00e1s c\u00f3mo tu casa se siente distinta.<\/strong><\/p>\n<p data-start=\"3978\" data-end=\"4103\"><strong>Porque decorar no es solo embellecer: es expresarte, inspirarte, renovarte.\u00a0<\/strong><\/p>\n","protected":false},"excerpt":{"rendered":"<p>Dale un aire nuevo a tu casa con peque\u00f1os cambios decorativos \u00bfGanas de cambiar sin meterte en reformas? en Tuco te lo ponen f\u00e1cil para transformar tu casa solo con detalles. Cojines que animan el sof\u00e1, cuadros y l\u00e1minas que dan personalidad a tus paredes, maceteros con mucho color&#8230; Porque decorar es otra forma de&hellip;&nbsp;<a href=\"https:\/\/www.tuco.net\/blog\/decora-sin-reglas-color-actitud-y-mucha-personalidad\/\" rel=\"bookmark\">Leer m\u00e1s &raquo;<span class=\"screen-reader-text\">Decora sin reglas: color, actitud y mucha personalidad<\/span><\/a><\/p>\n","protected":false},"author":6,"featured_media":2403,"comment_status":"closed","ping_status":"closed","sticky":false,"template":"","format":"standard","meta":{"neve_meta_sidebar":"","neve_meta_container":"","neve_meta_enable_content_width":"off","neve_meta_content_width":70,"neve_meta_title_alignment":"","neve_meta_author_avatar":"","neve_post_elements_order":"","neve_meta_disable_header":"","neve_meta_disable_footer":"","neve_meta_disable_title":"","footnotes":""},"categories":[7],"tags":[],"class_list":["post-2383","post","type-post","status-publish","format-standard","has-post-thumbnail","hentry","category-entradas"],"yoast_head":"<!-- This site is optimized with the Yoast SEO plugin v22.2 - https:\/\/yoast.com\/wordpress\/plugins\/seo\/ -->\n<title>Decora sin reglas: color, actitud y mucha personalidad - BLOG<\/title>\n<meta name=\"robots\" content=\"index, follow, max-snippet:-1, max-image-preview:large, max-video-preview:-1\" \/>\n<link rel=\"canonical\" href=\"https:\/\/www.tuco.net\/blog\/decora-sin-reglas-color-actitud-y-mucha-personalidad\/\" \/>\n<meta property=\"og:locale\" content=\"es_ES\" \/>\n<meta property=\"og:type\" content=\"article\" \/>\n<meta property=\"og:title\" content=\"Decora sin reglas: color, actitud y mucha personalidad - BLOG\" \/>\n<meta property=\"og:description\" content=\"Dale un aire nuevo a tu casa con peque\u00f1os cambios decorativos \u00bfGanas de cambiar sin meterte en reformas? en Tuco te lo ponen f\u00e1cil para transformar tu casa solo con detalles. Cojines que animan el sof\u00e1, cuadros y l\u00e1minas que dan personalidad a tus paredes, maceteros con mucho color&#8230; Porque decorar es otra forma de&hellip;&nbsp;Leer m\u00e1s &raquo;Decora sin reglas: color, actitud y mucha personalidad\" \/>\n<meta property=\"og:url\" content=\"https:\/\/www.tuco.net\/blog\/decora-sin-reglas-color-actitud-y-mucha-personalidad\/\" \/>\n<meta property=\"og:site_name\" content=\"BLOG\" \/>\n<meta property=\"article:publisher\" content=\"https:\/\/www.facebook.com\/MueblesTuco\/\" \/>\n<meta property=\"article:published_time\" content=\"2025-08-19T10:28:02+00:00\" \/>\n<meta property=\"og:image\" content=\"https:\/\/www.tuco.net\/blog\/wp-content\/uploads\/2025\/07\/85A2114-1.jpg\" \/>\n\t<meta property=\"og:image:width\" content=\"2500\" \/>\n\t<meta property=\"og:image:height\" content=\"1874\" \/>\n\t<meta property=\"og:image:type\" content=\"image\/jpeg\" \/>\n<meta name=\"author\" content=\"Muebles Tuco\" \/>\n<meta name=\"twitter:card\" content=\"summary_large_image\" \/>\n<meta name=\"twitter:label1\" content=\"Escrito por\" \/>\n\t<meta name=\"twitter:data1\" content=\"Muebles Tuco\" \/>\n\t<meta name=\"twitter:label2\" content=\"Tiempo de lectura\" \/>\n\t<meta name=\"twitter:data2\" content=\"4 minutos\" \/>\n<script type=\"application\/ld+json\" class=\"yoast-schema-graph\">{\"@context\":\"https:\/\/schema.org\",\"@graph\":[{\"@type\":\"Article\",\"@id\":\"https:\/\/www.tuco.net\/blog\/decora-sin-reglas-color-actitud-y-mucha-personalidad\/#article\",\"isPartOf\":{\"@id\":\"https:\/\/www.tuco.net\/blog\/decora-sin-reglas-color-actitud-y-mucha-personalidad\/\"},\"author\":{\"name\":\"Muebles Tuco\",\"@id\":\"https:\/\/www.tuco.net\/blog\/#\/schema\/person\/764b6d259d9f19cc09e2c7422ac8edd3\"},\"headline\":\"Decora sin reglas: color, actitud y mucha personalidad\",\"datePublished\":\"2025-08-19T10:28:02+00:00\",\"dateModified\":\"2025-08-19T10:28:02+00:00\",\"mainEntityOfPage\":{\"@id\":\"https:\/\/www.tuco.net\/blog\/decora-sin-reglas-color-actitud-y-mucha-personalidad\/\"},\"wordCount\":671,\"publisher\":{\"@id\":\"https:\/\/www.tuco.net\/blog\/#organization\"},\"image\":{\"@id\":\"https:\/\/www.tuco.net\/blog\/decora-sin-reglas-color-actitud-y-mucha-personalidad\/#primaryimage\"},\"thumbnailUrl\":\"https:\/\/www.tuco.net\/blog\/wp-content\/uploads\/2025\/07\/85A2114-1.jpg\",\"articleSection\":[\"Art\u00edculos del blog de Tuco\"],\"inLanguage\":\"es\"},{\"@type\":\"WebPage\",\"@id\":\"https:\/\/www.tuco.net\/blog\/decora-sin-reglas-color-actitud-y-mucha-personalidad\/\",\"url\":\"https:\/\/www.tuco.net\/blog\/decora-sin-reglas-color-actitud-y-mucha-personalidad\/\",\"name\":\"Decora sin reglas: color, actitud y mucha personalidad - BLOG\",\"isPartOf\":{\"@id\":\"https:\/\/www.tuco.net\/blog\/#website\"},\"primaryImageOfPage\":{\"@id\":\"https:\/\/www.tuco.net\/blog\/decora-sin-reglas-color-actitud-y-mucha-personalidad\/#primaryimage\"},\"image\":{\"@id\":\"https:\/\/www.tuco.net\/blog\/decora-sin-reglas-color-actitud-y-mucha-personalidad\/#primaryimage\"},\"thumbnailUrl\":\"https:\/\/www.tuco.net\/blog\/wp-content\/uploads\/2025\/07\/85A2114-1.jpg\",\"datePublished\":\"2025-08-19T10:28:02+00:00\",\"dateModified\":\"2025-08-19T10:28:02+00:00\",\"breadcrumb\":{\"@id\":\"https:\/\/www.tuco.net\/blog\/decora-sin-reglas-color-actitud-y-mucha-personalidad\/#breadcrumb\"},\"inLanguage\":\"es\",\"potentialAction\":[{\"@type\":\"ReadAction\",\"target\":[\"https:\/\/www.tuco.net\/blog\/decora-sin-reglas-color-actitud-y-mucha-personalidad\/\"]}]},{\"@type\":\"ImageObject\",\"inLanguage\":\"es\",\"@id\":\"https:\/\/www.tuco.net\/blog\/decora-sin-reglas-color-actitud-y-mucha-personalidad\/#primaryimage\",\"url\":\"https:\/\/www.tuco.net\/blog\/wp-content\/uploads\/2025\/07\/85A2114-1.jpg\",\"contentUrl\":\"https:\/\/www.tuco.net\/blog\/wp-content\/uploads\/2025\/07\/85A2114-1.jpg\",\"width\":2500,\"height\":1874},{\"@type\":\"BreadcrumbList\",\"@id\":\"https:\/\/www.tuco.net\/blog\/decora-sin-reglas-color-actitud-y-mucha-personalidad\/#breadcrumb\",\"itemListElement\":[{\"@type\":\"ListItem\",\"position\":1,\"name\":\"Portada\",\"item\":\"https:\/\/www.tuco.net\/blog\/\"},{\"@type\":\"ListItem\",\"position\":2,\"name\":\"Decora sin reglas: color, actitud y mucha personalidad\"}]},{\"@type\":\"WebSite\",\"@id\":\"https:\/\/www.tuco.net\/blog\/#website\",\"url\":\"https:\/\/www.tuco.net\/blog\/\",\"name\":\"BLOG\",\"description\":\"Blog de tuco.net\",\"publisher\":{\"@id\":\"https:\/\/www.tuco.net\/blog\/#organization\"},\"potentialAction\":[{\"@type\":\"SearchAction\",\"target\":{\"@type\":\"EntryPoint\",\"urlTemplate\":\"https:\/\/www.tuco.net\/blog\/?s={search_term_string}\"},\"query-input\":\"required name=search_term_string\"}],\"inLanguage\":\"es\"},{\"@type\":\"Organization\",\"@id\":\"https:\/\/www.tuco.net\/blog\/#organization\",\"name\":\"BLOG\",\"url\":\"https:\/\/www.tuco.net\/blog\/\",\"logo\":{\"@type\":\"ImageObject\",\"inLanguage\":\"es\",\"@id\":\"https:\/\/www.tuco.net\/blog\/#\/schema\/logo\/image\/\",\"url\":\"https:\/\/www.tuco.net\/blog\/wp-content\/uploads\/2022\/02\/cropped-logo-tuco-circular-1.png\",\"contentUrl\":\"https:\/\/www.tuco.net\/blog\/wp-content\/uploads\/2022\/02\/cropped-logo-tuco-circular-1.png\",\"width\":512,\"height\":512,\"caption\":\"BLOG\"},\"image\":{\"@id\":\"https:\/\/www.tuco.net\/blog\/#\/schema\/logo\/image\/\"},\"sameAs\":[\"https:\/\/www.facebook.com\/MueblesTuco\/\",\"https:\/\/www.instagram.com\/mueblestuco\/?hl=es\"]},{\"@type\":\"Person\",\"@id\":\"https:\/\/www.tuco.net\/blog\/#\/schema\/person\/764b6d259d9f19cc09e2c7422ac8edd3\",\"name\":\"Muebles Tuco\",\"url\":\"https:\/\/www.tuco.net\/blog\/author\/muebles-tuco\/\"}]}<\/script>\n<!-- \/ Yoast SEO plugin. -->","yoast_head_json":{"title":"Decora sin reglas: color, actitud y mucha personalidad - BLOG","robots":{"index":"index","follow":"follow","max-snippet":"max-snippet:-1","max-image-preview":"max-image-preview:large","max-video-preview":"max-video-preview:-1"},"canonical":"https:\/\/www.tuco.net\/blog\/decora-sin-reglas-color-actitud-y-mucha-personalidad\/","og_locale":"es_ES","og_type":"article","og_title":"Decora sin reglas: color, actitud y mucha personalidad - BLOG","og_description":"Dale un aire nuevo a tu casa con peque\u00f1os cambios decorativos \u00bfGanas de cambiar sin meterte en reformas? en Tuco te lo ponen f\u00e1cil para transformar tu casa solo con detalles. Cojines que animan el sof\u00e1, cuadros y l\u00e1minas que dan personalidad a tus paredes, maceteros con mucho color&#8230; Porque decorar es otra forma de&hellip;&nbsp;Leer m\u00e1s &raquo;Decora sin reglas: color, actitud y mucha personalidad","og_url":"https:\/\/www.tuco.net\/blog\/decora-sin-reglas-color-actitud-y-mucha-personalidad\/","og_site_name":"BLOG","article_publisher":"https:\/\/www.facebook.com\/MueblesTuco\/","article_published_time":"2025-08-19T10:28:02+00:00","og_image":[{"width":2500,"height":1874,"url":"https:\/\/www.tuco.net\/blog\/wp-content\/uploads\/2025\/07\/85A2114-1.jpg","type":"image\/jpeg"}],"author":"Muebles Tuco","twitter_card":"summary_large_image","twitter_misc":{"Escrito por":"Muebles Tuco","Tiempo de lectura":"4 minutos"},"schema":{"@context":"https:\/\/schema.org","@graph":[{"@type":"Article","@id":"https:\/\/www.tuco.net\/blog\/decora-sin-reglas-color-actitud-y-mucha-personalidad\/#article","isPartOf":{"@id":"https:\/\/www.tuco.net\/blog\/decora-sin-reglas-color-actitud-y-mucha-personalidad\/"},"author":{"name":"Muebles Tuco","@id":"https:\/\/www.tuco.net\/blog\/#\/schema\/person\/764b6d259d9f19cc09e2c7422ac8edd3"},"headline":"Decora sin reglas: color, actitud y mucha personalidad","datePublished":"2025-08-19T10:28:02+00:00","dateModified":"2025-08-19T10:28:02+00:00","mainEntityOfPage":{"@id":"https:\/\/www.tuco.net\/blog\/decora-sin-reglas-color-actitud-y-mucha-personalidad\/"},"wordCount":671,"publisher":{"@id":"https:\/\/www.tuco.net\/blog\/#organization"},"image":{"@id":"https:\/\/www.tuco.net\/blog\/decora-sin-reglas-color-actitud-y-mucha-personalidad\/#primaryimage"},"thumbnailUrl":"https:\/\/www.tuco.net\/blog\/wp-content\/uploads\/2025\/07\/85A2114-1.jpg","articleSection":["Art\u00edculos del blog de Tuco"],"inLanguage":"es"},{"@type":"WebPage","@id":"https:\/\/www.tuco.net\/blog\/decora-sin-reglas-color-actitud-y-mucha-personalidad\/","url":"https:\/\/www.tuco.net\/blog\/decora-sin-reglas-color-actitud-y-mucha-personalidad\/","name":"Decora sin reglas: color, actitud y mucha personalidad - BLOG","isPartOf":{"@id":"https:\/\/www.tuco.net\/blog\/#website"},"primaryImageOfPage":{"@id":"https:\/\/www.tuco.net\/blog\/decora-sin-reglas-color-actitud-y-mucha-personalidad\/#primaryimage"},"image":{"@id":"https:\/\/www.tuco.net\/blog\/decora-sin-reglas-color-actitud-y-mucha-personalidad\/#primaryimage"},"thumbnailUrl":"https:\/\/www.tuco.net\/blog\/wp-content\/uploads\/2025\/07\/85A2114-1.jpg","datePublished":"2025-08-19T10:28:02+00:00","dateModified":"2025-08-19T10:28:02+00:00","breadcrumb":{"@id":"https:\/\/www.tuco.net\/blog\/decora-sin-reglas-color-actitud-y-mucha-personalidad\/#breadcrumb"},"inLanguage":"es","potentialAction":[{"@type":"ReadAction","target":["https:\/\/www.tuco.net\/blog\/decora-sin-reglas-color-actitud-y-mucha-personalidad\/"]}]},{"@type":"ImageObject","inLanguage":"es","@id":"https:\/\/www.tuco.net\/blog\/decora-sin-reglas-color-actitud-y-mucha-personalidad\/#primaryimage","url":"https:\/\/www.tuco.net\/blog\/wp-content\/uploads\/2025\/07\/85A2114-1.jpg","contentUrl":"https:\/\/www.tuco.net\/blog\/wp-content\/uploads\/2025\/07\/85A2114-1.jpg","width":2500,"height":1874},{"@type":"BreadcrumbList","@id":"https:\/\/www.tuco.net\/blog\/decora-sin-reglas-color-actitud-y-mucha-personalidad\/#breadcrumb","itemListElement":[{"@type":"ListItem","position":1,"name":"Portada","item":"https:\/\/www.tuco.net\/blog\/"},{"@type":"ListItem","position":2,"name":"Decora sin reglas: color, actitud y mucha personalidad"}]},{"@type":"WebSite","@id":"https:\/\/www.tuco.net\/blog\/#website","url":"https:\/\/www.tuco.net\/blog\/","name":"BLOG","description":"Blog de tuco.net","publisher":{"@id":"https:\/\/www.tuco.net\/blog\/#organization"},"potentialAction":[{"@type":"SearchAction","target":{"@type":"EntryPoint","urlTemplate":"https:\/\/www.tuco.net\/blog\/?s={search_term_string}"},"query-input":"required name=search_term_string"}],"inLanguage":"es"},{"@type":"Organization","@id":"https:\/\/www.tuco.net\/blog\/#organization","name":"BLOG","url":"https:\/\/www.tuco.net\/blog\/","logo":{"@type":"ImageObject","inLanguage":"es","@id":"https:\/\/www.tuco.net\/blog\/#\/schema\/logo\/image\/","url":"https:\/\/www.tuco.net\/blog\/wp-content\/uploads\/2022\/02\/cropped-logo-tuco-circular-1.png","contentUrl":"https:\/\/www.tuco.net\/blog\/wp-content\/uploads\/2022\/02\/cropped-logo-tuco-circular-1.png","width":512,"height":512,"caption":"BLOG"},"image":{"@id":"https:\/\/www.tuco.net\/blog\/#\/schema\/logo\/image\/"},"sameAs":["https:\/\/www.facebook.com\/MueblesTuco\/","https:\/\/www.instagram.com\/mueblestuco\/?hl=es"]},{"@type":"Person","@id":"https:\/\/www.tuco.net\/blog\/#\/schema\/person\/764b6d259d9f19cc09e2c7422ac8edd3","name":"Muebles Tuco","url":"https:\/\/www.tuco.net\/blog\/author\/muebles-tuco\/"}]}},"_links":{"self":[{"href":"https:\/\/www.tuco.net\/blog\/wp-json\/wp\/v2\/posts\/2383","targetHints":{"allow":["GET"]}}],"collection":[{"href":"https:\/\/www.tuco.net\/blog\/wp-json\/wp\/v2\/posts"}],"about":[{"href":"https:\/\/www.tuco.net\/blog\/wp-json\/wp\/v2\/types\/post"}],"author":[{"embeddable":true,"href":"https:\/\/www.tuco.net\/blog\/wp-json\/wp\/v2\/users\/6"}],"replies":[{"embeddable":true,"href":"https:\/\/www.tuco.net\/blog\/wp-json\/wp\/v2\/comments?post=2383"}],"version-history":[{"count":16,"href":"https:\/\/www.tuco.net\/blog\/wp-json\/wp\/v2\/posts\/2383\/revisions"}],"predecessor-version":[{"id":2410,"href":"https:\/\/www.tuco.net\/blog\/wp-json\/wp\/v2\/posts\/2383\/revisions\/2410"}],"wp:featuredmedia":[{"embeddable":true,"href":"https:\/\/www.tuco.net\/blog\/wp-json\/wp\/v2\/media\/2403"}],"wp:attachment":[{"href":"https:\/\/www.tuco.net\/blog\/wp-json\/wp\/v2\/media?parent=2383"}],"wp:term":[{"taxonomy":"category","embeddable":true,"href":"https:\/\/www.tuco.net\/blog\/wp-json\/wp\/v2\/categories?post=2383"},{"taxonomy":"post_tag","embeddable":true,"href":"https:\/\/www.tuco.net\/blog\/wp-json\/wp\/v2\/tags?post=2383"}],"curies":[{"name":"wp","href":"https:\/\/api.w.org\/{rel}","templated":true}]}}