{"id":2340,"date":"2025-07-18T11:05:22","date_gmt":"2025-07-18T11:05:22","guid":{"rendered":"https:\/\/www.tuco.net\/blog\/?p=2340"},"modified":"2025-07-18T11:05:22","modified_gmt":"2025-07-18T11:05:22","slug":"renueva-tu-salon-y-sal-de-la-rutina-con-tuco-un-verano-lleno-de-rebajas-y-nuevas-ideas","status":"publish","type":"post","link":"https:\/\/www.tuco.net\/blog\/renueva-tu-salon-y-sal-de-la-rutina-con-tuco-un-verano-lleno-de-rebajas-y-nuevas-ideas\/","title":{"rendered":"Renueva tu sal\u00f3n y sal de la rutina con Tuco: un verano lleno de rebajas y nuevas ideas"},"content":{"rendered":"<p data-start=\"293\" data-end=\"515\">El verano ya est\u00e1 aqu\u00ed y con \u00e9l las ganas de abrir las ventanas, dejar que entre el sol&#8230; y hacer que tu sal\u00f3n respire algo distinto.\u00bfTe apetece un cambio? No hace falta una reforma total, solo saber por d\u00f3nde empezar. Y este verano, del <strong data-start=\"536\" data-end=\"566\">1 de julio al 31 de agosto<\/strong>, las <a href=\"https:\/\/www.tuco.net\/ahora-en-oferta-83\" target=\"_blank\" rel=\"noopener\"><strong data-start=\"572\" data-end=\"591\">rebajas de Tuco<\/strong> <\/a>te lo ponen en bandeja <strong>para que estrenes sal\u00f3n sin complicaciones<\/strong> y con mucho rollo.<\/p>\n<p data-start=\"675\" data-end=\"781\">Prep\u00e1rate para llenar tu casa de <strong data-start=\"708\" data-end=\"735\">color, alegr\u00eda y dise\u00f1o<\/strong>. Atr\u00e9vete a romper con lo de siempre.<\/p>\n<div id=\"ez-toc-container\" class=\"ez-toc-v2_0_63 counter-hierarchy ez-toc-counter ez-toc-custom ez-toc-container-direction\">\n<div class=\"ez-toc-title-container\">\n<p class=\"ez-toc-title \" >Tabla de contenidos<\/p>\n<span class=\"ez-toc-title-toggle\"><a href=\"#\" class=\"ez-toc-pull-right ez-toc-btn ez-toc-btn-xs ez-toc-btn-default ez-toc-toggle\" aria-label=\"Toggle Table of Content\"><span class=\"ez-toc-js-icon-con\"><span class=\"\"><span class=\"eztoc-hide\" style=\"display:none;\">Toggle<\/span><span class=\"ez-toc-icon-toggle-span\"><svg style=\"fill: #545454;color:#545454\" xmlns=\"http:\/\/www.w3.org\/2000\/svg\" class=\"list-377408\" width=\"20px\" height=\"20px\" viewBox=\"0 0 24 24\" fill=\"none\"><path d=\"M6 6H4v2h2V6zm14 0H8v2h12V6zM4 11h2v2H4v-2zm16 0H8v2h12v-2zM4 16h2v2H4v-2zm16 0H8v2h12v-2z\" fill=\"currentColor\"><\/path><\/svg><svg style=\"fill: #545454;color:#545454\" class=\"arrow-unsorted-368013\" xmlns=\"http:\/\/www.w3.org\/2000\/svg\" width=\"10px\" height=\"10px\" viewBox=\"0 0 24 24\" version=\"1.2\" baseProfile=\"tiny\"><path d=\"M18.2 9.3l-6.2-6.3-6.2 6.3c-.2.2-.3.4-.3.7s.1.5.3.7c.2.2.4.3.7.3h11c.3 0 .5-.1.7-.3.2-.2.3-.5.3-.7s-.1-.5-.3-.7zM5.8 14.7l6.2 6.3 6.2-6.3c.2-.2.3-.5.3-.7s-.1-.5-.3-.7c-.2-.2-.4-.3-.7-.3h-11c-.3 0-.5.1-.7.3-.2.2-.3.5-.3.7s.1.5.3.7z\"\/><\/svg><\/span><\/span><\/span><\/a><\/span><\/div>\n<nav><ul class='ez-toc-list ez-toc-list-level-1 ' ><li class='ez-toc-page-1 ez-toc-heading-level-2'><a class=\"ez-toc-link ez-toc-heading-1\" href=\"https:\/\/www.tuco.net\/blog\/renueva-tu-salon-y-sal-de-la-rutina-con-tuco-un-verano-lleno-de-rebajas-y-nuevas-ideas\/#Muebles_de_salon_en_blanco_y_madera_la_base_perfecta_para_decorar_con_color\" title=\"Muebles de sal\u00f3n en blanco y madera: la base perfecta para decorar con color\">Muebles de sal\u00f3n en blanco y madera: la base perfecta para decorar con color<\/a><\/li><li class='ez-toc-page-1 ez-toc-heading-level-2'><a class=\"ez-toc-link ez-toc-heading-2\" href=\"https:\/\/www.tuco.net\/blog\/renueva-tu-salon-y-sal-de-la-rutina-con-tuco-un-verano-lleno-de-rebajas-y-nuevas-ideas\/#Piezas_de_diseno_que_llenan_tu_salon_de_personalidad\" title=\"Piezas de dise\u00f1o que llenan tu sal\u00f3n de personalidad\">Piezas de dise\u00f1o que llenan tu sal\u00f3n de personalidad<\/a><\/li><li class='ez-toc-page-1 ez-toc-heading-level-2'><a class=\"ez-toc-link ez-toc-heading-3\" href=\"https:\/\/www.tuco.net\/blog\/renueva-tu-salon-y-sal-de-la-rutina-con-tuco-un-verano-lleno-de-rebajas-y-nuevas-ideas\/#Cojines_y_cuadros_pequenos_cambios_gran_efecto\" title=\"Cojines y cuadros: peque\u00f1os cambios, gran efecto\">Cojines y cuadros: peque\u00f1os cambios, gran efecto<\/a><\/li><li class='ez-toc-page-1 ez-toc-heading-level-2'><a class=\"ez-toc-link ez-toc-heading-4\" href=\"https:\/\/www.tuco.net\/blog\/renueva-tu-salon-y-sal-de-la-rutina-con-tuco-un-verano-lleno-de-rebajas-y-nuevas-ideas\/#Este_verano_renueva_tu_salon_con_muebles_modernos_y_con_rebajas\" title=\"Este verano renueva tu sal\u00f3n con muebles modernos y con rebajas\">Este verano renueva tu sal\u00f3n con muebles modernos y con rebajas<\/a><\/li><\/ul><\/nav><\/div>\n<h2 data-start=\"788\" data-end=\"839\"><span class=\"ez-toc-section\" id=\"Muebles_de_salon_en_blanco_y_madera_la_base_perfecta_para_decorar_con_color\"><\/span>Muebles de sal\u00f3n en blanco y madera: la base perfecta para decorar con color<span class=\"ez-toc-section-end\"><\/span><\/h2>\n<p data-start=\"841\" data-end=\"1021\">Lo primero es crear una base que te inspire: pr\u00e1ctica, bonita y lista para lo que venga. <a href=\"https:\/\/www.tuco.net\/mesa-de-television-snow-5835.html\" target=\"_blank\" rel=\"noopener\">El <strong data-start=\"926\" data-end=\"944\">mueble TV SNOW<\/strong><\/a> es justo eso: limpio, funcional y con ese estilo escandinavo que nunca falla. <strong data-start=\"1023\" data-end=\"1067\">Acabado madera natural + frentes blancos<\/strong> = luz, orden y estilo. Es perfecto para introducir tus piezas de color favoritas con toda libertad.<\/p>\n<p data-start=\"1164\" data-end=\"1371\">Y si necesitas m\u00e1s espacio para guardar (sin perder est\u00e9tica), el <a href=\"https:\/\/www.tuco.net\/aparador-de-estilo-nordico-snow-5837.html\" target=\"_blank\" rel=\"noopener\"><strong data-start=\"1230\" data-end=\"1247\">aparador SNOW<\/strong><\/a> es tu mejor aliado. Ideal para combinar con decoraciones en <strong data-start=\"1310\" data-end=\"1351\">verde menta, mostaza o rosa empolvado<\/strong>. Funciona con todo.<\/p>\n<p data-start=\"1164\" data-end=\"1371\"><img loading=\"lazy\" decoding=\"async\" class=\"aligncenter wp-image-2346\" src=\"https:\/\/www.tuco.net\/blog\/wp-content\/uploads\/2025\/07\/85A2069-Editar-1.jpg\" alt=\"\" width=\"534\" height=\"356\" srcset=\"https:\/\/www.tuco.net\/blog\/wp-content\/uploads\/2025\/07\/85A2069-Editar-1.jpg 2500w, https:\/\/www.tuco.net\/blog\/wp-content\/uploads\/2025\/07\/85A2069-Editar-1-300x200.jpg 300w, https:\/\/www.tuco.net\/blog\/wp-content\/uploads\/2025\/07\/85A2069-Editar-1-1024x683.jpg 1024w, https:\/\/www.tuco.net\/blog\/wp-content\/uploads\/2025\/07\/85A2069-Editar-1-768x512.jpg 768w, https:\/\/www.tuco.net\/blog\/wp-content\/uploads\/2025\/07\/85A2069-Editar-1-1536x1024.jpg 1536w, https:\/\/www.tuco.net\/blog\/wp-content\/uploads\/2025\/07\/85A2069-Editar-1-2048x1366.jpg 2048w, https:\/\/www.tuco.net\/blog\/wp-content\/uploads\/2025\/07\/85A2069-Editar-1-930x620.jpg 930w\" sizes=\"auto, (max-width: 534px) 100vw, 534px\" \/><\/p>\n<h2 data-start=\"1378\" data-end=\"1435\"><span class=\"ez-toc-section\" id=\"Piezas_de_diseno_que_llenan_tu_salon_de_personalidad\"><\/span>Piezas de dise\u00f1o que llenan tu sal\u00f3n de personalidad<span class=\"ez-toc-section-end\"><\/span><\/h2>\n<p data-start=\"1437\" data-end=\"1479\">Ahora toca darle personalidad al conjunto. Piezas que no solo encajan, sino que destacan.<\/p>\n<p data-start=\"453\" data-end=\"765\">La <a href=\"https:\/\/www.tuco.net\/mesa-centro-redonda-negra-fjord-5543.html\" target=\"_blank\" rel=\"noopener\"><strong data-start=\"456\" data-end=\"480\">mesa de centro FJORD<\/strong><\/a> combina dise\u00f1o moderno con un acabado en <strong data-start=\"522\" data-end=\"545\">efecto m\u00e1rmol negro<\/strong> que da fuerza al espacio sin recargar. Sus patas met\u00e1licas estilizan y encajan genial con detalles en <strong data-start=\"648\" data-end=\"658\">dorado<\/strong>, <strong data-start=\"660\" data-end=\"678\">rosa empolvado<\/strong> o <strong data-start=\"681\" data-end=\"699\">amarillo suave<\/strong>. Es el tipo de mueble que cambia la atm\u00f3sfera con solo estar ah\u00ed.<\/p>\n<p data-start=\"767\" data-end=\"1074\">Y si hablamos de flechazos\u2026 la <a href=\"https:\/\/www.tuco.net\/butaca-estilo-nordico-benedict-5548.html\" target=\"_blank\" rel=\"noopener\"><strong data-start=\"798\" data-end=\"817\">butaca BENEDICT<\/strong> <\/a>tiene ese algo especial. Tapizada en <strong data-start=\"855\" data-end=\"864\">crudo<\/strong>, con estructura de <strong data-start=\"884\" data-end=\"900\">madera clara<\/strong> y forma envolvente, lo tiene todo para convertirse en tu rinc\u00f3n favorito. A\u00f1ade un <strong data-start=\"984\" data-end=\"1001\"><a href=\"https:\/\/www.tuco.net\/cojin-algodon-etnico-ziko-5795.html?\/elige_el_color-verde\" target=\"_blank\" rel=\"noopener\">coj\u00edn con estampado<\/a> y dale a ese rinc\u00f3n tu propio sello.\u00a0<\/strong><\/p>\n<p data-start=\"1722\" data-end=\"2012\"><img loading=\"lazy\" decoding=\"async\" class=\"aligncenter wp-image-2343\" src=\"https:\/\/www.tuco.net\/blog\/wp-content\/uploads\/2025\/07\/85A2114-scaled.jpg\" alt=\"\" width=\"293\" height=\"440\" srcset=\"https:\/\/www.tuco.net\/blog\/wp-content\/uploads\/2025\/07\/85A2114-scaled.jpg 1708w, https:\/\/www.tuco.net\/blog\/wp-content\/uploads\/2025\/07\/85A2114-200x300.jpg 200w, https:\/\/www.tuco.net\/blog\/wp-content\/uploads\/2025\/07\/85A2114-683x1024.jpg 683w, https:\/\/www.tuco.net\/blog\/wp-content\/uploads\/2025\/07\/85A2114-768x1151.jpg 768w, https:\/\/www.tuco.net\/blog\/wp-content\/uploads\/2025\/07\/85A2114-1025x1536.jpg 1025w, https:\/\/www.tuco.net\/blog\/wp-content\/uploads\/2025\/07\/85A2114-1366x2048.jpg 1366w\" sizes=\"auto, (max-width: 293px) 100vw, 293px\" \/><\/p>\n<h2 data-start=\"2019\" data-end=\"2075\"><span class=\"ez-toc-section\" id=\"Cojines_y_cuadros_pequenos_cambios_gran_efecto\"><\/span><strong data-start=\"2022\" data-end=\"2075\">Cojines y cuadros: peque\u00f1os cambios, gran efecto<\/strong><span class=\"ez-toc-section-end\"><\/span><\/h2>\n<p data-start=\"2077\" data-end=\"2107\">Aqu\u00ed viene la parte divertida. Una <a href=\"https:\/\/www.tuco.net\/alfombra-de-yute-140-cm-sioux-5839.html\" target=\"_blank\" rel=\"noopener\"><strong data-start=\"2113\" data-end=\"2142\">alfombra de fibra natural<\/strong><\/a> da calidez, estructura y equilibrio. Adem\u00e1s, con descuento este verano, es el momento ideal para sumarla a tu sal\u00f3n.<\/p>\n<p data-start=\"2077\" data-end=\"2107\">Los <a href=\"https:\/\/www.tuco.net\/cojin-de-algodon-rectangular-nautic-5570.html#\/elige_el_color-negro\" target=\"_blank\" rel=\"noopener\"><strong data-start=\"1344\" data-end=\"1373\">cojines en blanco y negro<\/strong> <\/a>rompen la monoton\u00eda y marcan contraste. Comb\u00ednalos con otros en tonos <strong data-start=\"1444\" data-end=\"1473\">rosados, verdes o mostaza<\/strong> para un mix con personalidad. Y para rematar, la <a href=\"https:\/\/www.tuco.net\/lamina-decorativa-langosta-5395.html\" target=\"_blank\" rel=\"noopener\"><strong data-start=\"1523\" data-end=\"1542\">l\u00e1mina LANGOSTA<\/strong><\/a>: pop, divertida y con color. Con su estilo pop y tonos <strong data-start=\"2588\" data-end=\"2599\">rosados<\/strong> vibrantes, es<strong> un s\u00ed rotundo si quieres que tu sal\u00f3n tenga algo que decir.\u00a0<\/strong><\/p>\n<p data-start=\"2077\" data-end=\"2107\">Y si quieres ir un poco m\u00e1s all\u00e1, prueba con detalles que hablen por s\u00ed solos: el <a href=\"https:\/\/www.tuco.net\/macetero-metalico-alfa-5840.html\" target=\"_blank\" rel=\"noopener\"><strong data-start=\"971\" data-end=\"997\">macetero met\u00e1lico ALFA<\/strong><\/a>, en ese tono rosa empolvado tan Tuco, queda espectacular junto a cualquier mueble de madera clara.<strong> El <a href=\"https:\/\/www.tuco.net\/jarron-de-metal-pintado-forssa-5117.html#\/color_de_estructura-verde_oscuro\" target=\"_blank\" rel=\"noopener\">jarr\u00f3n FORSSA<\/a>, con sus formas curvas y colores vibrantes<\/strong>, es ese toque moderno que no pasa desapercibido. Y para a\u00f1adir un gui\u00f1o divertido, nada como las<a href=\"https:\/\/www.tuco.net\/letras-love-mura-5759.html?%2Felige_el_color-amarillo=\" target=\"_blank\" rel=\"noopener\"> <strong data-start=\"1258\" data-end=\"1278\">letras LOVE MURA<\/strong><\/a>, disponibles en amarillo o rosa, <strong>ideales para colocar en una estanter\u00eda o sobre un aparador.<\/strong><\/p>\n<p data-start=\"2077\" data-end=\"2107\">Porque s\u00ed,<strong> los detalles cuentan. Y mucho.<\/strong><\/p>\n<p data-start=\"2479\" data-end=\"2673\"><img loading=\"lazy\" decoding=\"async\" class=\"aligncenter wp-image-2344\" src=\"https:\/\/www.tuco.net\/blog\/wp-content\/uploads\/2025\/07\/85A2120-scaled.jpg\" alt=\"\" width=\"293\" height=\"439\" srcset=\"https:\/\/www.tuco.net\/blog\/wp-content\/uploads\/2025\/07\/85A2120-scaled.jpg 1708w, https:\/\/www.tuco.net\/blog\/wp-content\/uploads\/2025\/07\/85A2120-200x300.jpg 200w, https:\/\/www.tuco.net\/blog\/wp-content\/uploads\/2025\/07\/85A2120-683x1024.jpg 683w, https:\/\/www.tuco.net\/blog\/wp-content\/uploads\/2025\/07\/85A2120-768x1151.jpg 768w, https:\/\/www.tuco.net\/blog\/wp-content\/uploads\/2025\/07\/85A2120-1025x1536.jpg 1025w, https:\/\/www.tuco.net\/blog\/wp-content\/uploads\/2025\/07\/85A2120-1366x2048.jpg 1366w\" sizes=\"auto, (max-width: 293px) 100vw, 293px\" \/><\/p>\n<h2 data-start=\"2680\" data-end=\"2723\"><span class=\"ez-toc-section\" id=\"Este_verano_renueva_tu_salon_con_muebles_modernos_y_con_rebajas\"><\/span>Este verano renueva tu sal\u00f3n con muebles modernos y con rebajas<span class=\"ez-toc-section-end\"><\/span><\/h2>\n<p data-start=\"2977\" data-end=\"3112\">Renovar tu sal\u00f3n no va solo de cambiar muebles. Va de atreverte a mirar tu casa con otros ojos.<\/p>\n<p data-start=\"2977\" data-end=\"3112\">Este verano, con las <a href=\"https:\/\/www.tuco.net\/ahora-en-oferta-83\" target=\"_blank\" rel=\"noopener\"><strong>rebajas del 1 de julio al 31 de agosto<\/strong><\/a>, es el momento perfecto para lanzarte al cambio. No necesitas grandes reformas: solo <strong>muebles con presencia<\/strong>, como una butaca tan c\u00f3moda que no querr\u00e1s levantarte o un aparador que lo guarda todo sin perder el estilo, y algunos <strong>toques de color que transforman el ambiente<\/strong> nada m\u00e1s cruzar la puerta.<\/p>\n<p data-start=\"2977\" data-end=\"3112\">Coloca una <strong data-start=\"888\" data-end=\"920\">l\u00e1mina divertida en la pared<\/strong>. Cambia los cojines. <strong>A\u00f1ade una <a href=\"https:\/\/www.tuco.net\/set-de-tres-mesas-auxiliares-elliot-3861.html?\/elige_el_color-flow_negro\" target=\"_blank\" rel=\"noopener\">mesa auxiliar con personalidad<\/a>\u00a0o un <a href=\"https:\/\/www.tuco.net\/macetero-metalico-alfa-5840.html\" target=\"_blank\" rel=\"noopener\">macetero\u00a0con car\u00e1cter<\/a>. Esos peque\u00f1os gestos son los que lo transforman todo.<\/strong><\/p>\n<p data-start=\"1056\" data-end=\"1281\">El equilibrio lo pones t\u00fa. El estilo tambi\u00e9n<strong data-start=\"1232\" data-end=\"1281\">. <\/strong>Con estas rebajas saldr\u00e1s de la rutina desde tu propio sal\u00f3n. <strong><a href=\"https:\/\/www.tuco.net\/\" target=\"_blank\" rel=\"noopener\">En Tuco<\/a> tenemos todo lo que necesitas: ideas frescas, muebles que inspiran y precios que dan gusto.<\/strong><\/p>\n<p data-start=\"2977\" data-end=\"3112\"><img loading=\"lazy\" decoding=\"async\" class=\"aligncenter wp-image-2342\" src=\"https:\/\/www.tuco.net\/blog\/wp-content\/uploads\/2025\/07\/85A2170-Editar-scaled.jpg\" alt=\"\" width=\"293\" height=\"439\" \/><\/p>\n","protected":false},"excerpt":{"rendered":"<p>El verano ya est\u00e1 aqu\u00ed y con \u00e9l las ganas de abrir las ventanas, dejar que entre el sol&#8230; y hacer que tu sal\u00f3n respire algo distinto.\u00bfTe apetece un cambio? No hace falta una reforma total, solo saber por d\u00f3nde empezar. Y este verano, del 1 de julio al 31 de agosto, las rebajas de&hellip;&nbsp;<a href=\"https:\/\/www.tuco.net\/blog\/renueva-tu-salon-y-sal-de-la-rutina-con-tuco-un-verano-lleno-de-rebajas-y-nuevas-ideas\/\" rel=\"bookmark\">Leer m\u00e1s &raquo;<span class=\"screen-reader-text\">Renueva tu sal\u00f3n y sal de la rutina con Tuco: un verano lleno de rebajas y nuevas ideas<\/span><\/a><\/p>\n","protected":false},"author":6,"featured_media":2346,"comment_status":"closed","ping_status":"closed","sticky":false,"template":"","format":"standard","meta":{"neve_meta_sidebar":"","neve_meta_container":"","neve_meta_enable_content_width":"off","neve_meta_content_width":70,"neve_meta_title_alignment":"","neve_meta_author_avatar":"","neve_post_elements_order":"","neve_meta_disable_header":"","neve_meta_disable_footer":"","neve_meta_disable_title":"","footnotes":""},"categories":[7],"tags":[],"class_list":["post-2340","post","type-post","status-publish","format-standard","has-post-thumbnail","hentry","category-entradas"],"yoast_head":"<!-- This site is optimized with the Yoast SEO plugin v22.2 - https:\/\/yoast.com\/wordpress\/plugins\/seo\/ -->\n<title>Renueva tu sal\u00f3n y sal de la rutina con Tuco: un verano lleno de rebajas y nuevas ideas - BLOG<\/title>\n<meta name=\"description\" content=\"Sal de la rutina y renueva tu sal\u00f3n con las rebajas de Tuco: muebles con estilo, color y personalidad. Solo hasta el 31 de agosto.\" \/>\n<meta name=\"robots\" content=\"index, follow, max-snippet:-1, max-image-preview:large, max-video-preview:-1\" \/>\n<link rel=\"canonical\" href=\"https:\/\/www.tuco.net\/blog\/renueva-tu-salon-y-sal-de-la-rutina-con-tuco-un-verano-lleno-de-rebajas-y-nuevas-ideas\/\" \/>\n<meta property=\"og:locale\" content=\"es_ES\" \/>\n<meta property=\"og:type\" content=\"article\" \/>\n<meta property=\"og:title\" content=\"Renueva tu sal\u00f3n y sal de la rutina con Tuco: un verano lleno de rebajas y nuevas ideas - BLOG\" \/>\n<meta property=\"og:description\" content=\"Sal de la rutina y renueva tu sal\u00f3n con las rebajas de Tuco: muebles con estilo, color y personalidad. Solo hasta el 31 de agosto.\" \/>\n<meta property=\"og:url\" content=\"https:\/\/www.tuco.net\/blog\/renueva-tu-salon-y-sal-de-la-rutina-con-tuco-un-verano-lleno-de-rebajas-y-nuevas-ideas\/\" \/>\n<meta property=\"og:site_name\" content=\"BLOG\" \/>\n<meta property=\"article:publisher\" content=\"https:\/\/www.facebook.com\/MueblesTuco\/\" \/>\n<meta property=\"article:published_time\" content=\"2025-07-18T11:05:22+00:00\" \/>\n<meta property=\"og:image\" content=\"https:\/\/www.tuco.net\/blog\/wp-content\/uploads\/2025\/07\/85A2069-Editar-1.jpg\" \/>\n\t<meta property=\"og:image:width\" content=\"2500\" \/>\n\t<meta property=\"og:image:height\" content=\"1667\" \/>\n\t<meta property=\"og:image:type\" content=\"image\/jpeg\" \/>\n<meta name=\"author\" content=\"Muebles Tuco\" \/>\n<meta name=\"twitter:card\" content=\"summary_large_image\" \/>\n<meta name=\"twitter:label1\" content=\"Escrito por\" \/>\n\t<meta name=\"twitter:data1\" content=\"Muebles Tuco\" \/>\n\t<meta name=\"twitter:label2\" content=\"Tiempo de lectura\" \/>\n\t<meta name=\"twitter:data2\" content=\"4 minutos\" \/>\n<script type=\"application\/ld+json\" class=\"yoast-schema-graph\">{\"@context\":\"https:\/\/schema.org\",\"@graph\":[{\"@type\":\"Article\",\"@id\":\"https:\/\/www.tuco.net\/blog\/renueva-tu-salon-y-sal-de-la-rutina-con-tuco-un-verano-lleno-de-rebajas-y-nuevas-ideas\/#article\",\"isPartOf\":{\"@id\":\"https:\/\/www.tuco.net\/blog\/renueva-tu-salon-y-sal-de-la-rutina-con-tuco-un-verano-lleno-de-rebajas-y-nuevas-ideas\/\"},\"author\":{\"name\":\"Muebles Tuco\",\"@id\":\"https:\/\/www.tuco.net\/blog\/#\/schema\/person\/764b6d259d9f19cc09e2c7422ac8edd3\"},\"headline\":\"Renueva tu sal\u00f3n y sal de la rutina con Tuco: un verano lleno de rebajas y nuevas ideas\",\"datePublished\":\"2025-07-18T11:05:22+00:00\",\"dateModified\":\"2025-07-18T11:05:22+00:00\",\"mainEntityOfPage\":{\"@id\":\"https:\/\/www.tuco.net\/blog\/renueva-tu-salon-y-sal-de-la-rutina-con-tuco-un-verano-lleno-de-rebajas-y-nuevas-ideas\/\"},\"wordCount\":711,\"publisher\":{\"@id\":\"https:\/\/www.tuco.net\/blog\/#organization\"},\"image\":{\"@id\":\"https:\/\/www.tuco.net\/blog\/renueva-tu-salon-y-sal-de-la-rutina-con-tuco-un-verano-lleno-de-rebajas-y-nuevas-ideas\/#primaryimage\"},\"thumbnailUrl\":\"https:\/\/www.tuco.net\/blog\/wp-content\/uploads\/2025\/07\/85A2069-Editar-1.jpg\",\"articleSection\":[\"Art\u00edculos del blog de Tuco\"],\"inLanguage\":\"es\"},{\"@type\":\"WebPage\",\"@id\":\"https:\/\/www.tuco.net\/blog\/renueva-tu-salon-y-sal-de-la-rutina-con-tuco-un-verano-lleno-de-rebajas-y-nuevas-ideas\/\",\"url\":\"https:\/\/www.tuco.net\/blog\/renueva-tu-salon-y-sal-de-la-rutina-con-tuco-un-verano-lleno-de-rebajas-y-nuevas-ideas\/\",\"name\":\"Renueva tu sal\u00f3n y sal de la rutina con Tuco: un verano lleno de rebajas y nuevas ideas - BLOG\",\"isPartOf\":{\"@id\":\"https:\/\/www.tuco.net\/blog\/#website\"},\"primaryImageOfPage\":{\"@id\":\"https:\/\/www.tuco.net\/blog\/renueva-tu-salon-y-sal-de-la-rutina-con-tuco-un-verano-lleno-de-rebajas-y-nuevas-ideas\/#primaryimage\"},\"image\":{\"@id\":\"https:\/\/www.tuco.net\/blog\/renueva-tu-salon-y-sal-de-la-rutina-con-tuco-un-verano-lleno-de-rebajas-y-nuevas-ideas\/#primaryimage\"},\"thumbnailUrl\":\"https:\/\/www.tuco.net\/blog\/wp-content\/uploads\/2025\/07\/85A2069-Editar-1.jpg\",\"datePublished\":\"2025-07-18T11:05:22+00:00\",\"dateModified\":\"2025-07-18T11:05:22+00:00\",\"description\":\"Sal de la rutina y renueva tu sal\u00f3n con las rebajas de Tuco: muebles con estilo, color y personalidad. Solo hasta el 31 de agosto.\",\"breadcrumb\":{\"@id\":\"https:\/\/www.tuco.net\/blog\/renueva-tu-salon-y-sal-de-la-rutina-con-tuco-un-verano-lleno-de-rebajas-y-nuevas-ideas\/#breadcrumb\"},\"inLanguage\":\"es\",\"potentialAction\":[{\"@type\":\"ReadAction\",\"target\":[\"https:\/\/www.tuco.net\/blog\/renueva-tu-salon-y-sal-de-la-rutina-con-tuco-un-verano-lleno-de-rebajas-y-nuevas-ideas\/\"]}]},{\"@type\":\"ImageObject\",\"inLanguage\":\"es\",\"@id\":\"https:\/\/www.tuco.net\/blog\/renueva-tu-salon-y-sal-de-la-rutina-con-tuco-un-verano-lleno-de-rebajas-y-nuevas-ideas\/#primaryimage\",\"url\":\"https:\/\/www.tuco.net\/blog\/wp-content\/uploads\/2025\/07\/85A2069-Editar-1.jpg\",\"contentUrl\":\"https:\/\/www.tuco.net\/blog\/wp-content\/uploads\/2025\/07\/85A2069-Editar-1.jpg\",\"width\":2500,\"height\":1667},{\"@type\":\"BreadcrumbList\",\"@id\":\"https:\/\/www.tuco.net\/blog\/renueva-tu-salon-y-sal-de-la-rutina-con-tuco-un-verano-lleno-de-rebajas-y-nuevas-ideas\/#breadcrumb\",\"itemListElement\":[{\"@type\":\"ListItem\",\"position\":1,\"name\":\"Portada\",\"item\":\"https:\/\/www.tuco.net\/blog\/\"},{\"@type\":\"ListItem\",\"position\":2,\"name\":\"Renueva tu sal\u00f3n y sal de la rutina con Tuco: un verano lleno de rebajas y nuevas ideas\"}]},{\"@type\":\"WebSite\",\"@id\":\"https:\/\/www.tuco.net\/blog\/#website\",\"url\":\"https:\/\/www.tuco.net\/blog\/\",\"name\":\"BLOG\",\"description\":\"Blog de tuco.net\",\"publisher\":{\"@id\":\"https:\/\/www.tuco.net\/blog\/#organization\"},\"potentialAction\":[{\"@type\":\"SearchAction\",\"target\":{\"@type\":\"EntryPoint\",\"urlTemplate\":\"https:\/\/www.tuco.net\/blog\/?s={search_term_string}\"},\"query-input\":\"required name=search_term_string\"}],\"inLanguage\":\"es\"},{\"@type\":\"Organization\",\"@id\":\"https:\/\/www.tuco.net\/blog\/#organization\",\"name\":\"BLOG\",\"url\":\"https:\/\/www.tuco.net\/blog\/\",\"logo\":{\"@type\":\"ImageObject\",\"inLanguage\":\"es\",\"@id\":\"https:\/\/www.tuco.net\/blog\/#\/schema\/logo\/image\/\",\"url\":\"https:\/\/www.tuco.net\/blog\/wp-content\/uploads\/2022\/02\/cropped-logo-tuco-circular-1.png\",\"contentUrl\":\"https:\/\/www.tuco.net\/blog\/wp-content\/uploads\/2022\/02\/cropped-logo-tuco-circular-1.png\",\"width\":512,\"height\":512,\"caption\":\"BLOG\"},\"image\":{\"@id\":\"https:\/\/www.tuco.net\/blog\/#\/schema\/logo\/image\/\"},\"sameAs\":[\"https:\/\/www.facebook.com\/MueblesTuco\/\",\"https:\/\/www.instagram.com\/mueblestuco\/?hl=es\"]},{\"@type\":\"Person\",\"@id\":\"https:\/\/www.tuco.net\/blog\/#\/schema\/person\/764b6d259d9f19cc09e2c7422ac8edd3\",\"name\":\"Muebles Tuco\",\"url\":\"https:\/\/www.tuco.net\/blog\/author\/muebles-tuco\/\"}]}<\/script>\n<!-- \/ Yoast SEO plugin. -->","yoast_head_json":{"title":"Renueva tu sal\u00f3n y sal de la rutina con Tuco: un verano lleno de rebajas y nuevas ideas - BLOG","description":"Sal de la rutina y renueva tu sal\u00f3n con las rebajas de Tuco: muebles con estilo, color y personalidad. Solo hasta el 31 de agosto.","robots":{"index":"index","follow":"follow","max-snippet":"max-snippet:-1","max-image-preview":"max-image-preview:large","max-video-preview":"max-video-preview:-1"},"canonical":"https:\/\/www.tuco.net\/blog\/renueva-tu-salon-y-sal-de-la-rutina-con-tuco-un-verano-lleno-de-rebajas-y-nuevas-ideas\/","og_locale":"es_ES","og_type":"article","og_title":"Renueva tu sal\u00f3n y sal de la rutina con Tuco: un verano lleno de rebajas y nuevas ideas - BLOG","og_description":"Sal de la rutina y renueva tu sal\u00f3n con las rebajas de Tuco: muebles con estilo, color y personalidad. Solo hasta el 31 de agosto.","og_url":"https:\/\/www.tuco.net\/blog\/renueva-tu-salon-y-sal-de-la-rutina-con-tuco-un-verano-lleno-de-rebajas-y-nuevas-ideas\/","og_site_name":"BLOG","article_publisher":"https:\/\/www.facebook.com\/MueblesTuco\/","article_published_time":"2025-07-18T11:05:22+00:00","og_image":[{"width":2500,"height":1667,"url":"https:\/\/www.tuco.net\/blog\/wp-content\/uploads\/2025\/07\/85A2069-Editar-1.jpg","type":"image\/jpeg"}],"author":"Muebles Tuco","twitter_card":"summary_large_image","twitter_misc":{"Escrito por":"Muebles Tuco","Tiempo de lectura":"4 minutos"},"schema":{"@context":"https:\/\/schema.org","@graph":[{"@type":"Article","@id":"https:\/\/www.tuco.net\/blog\/renueva-tu-salon-y-sal-de-la-rutina-con-tuco-un-verano-lleno-de-rebajas-y-nuevas-ideas\/#article","isPartOf":{"@id":"https:\/\/www.tuco.net\/blog\/renueva-tu-salon-y-sal-de-la-rutina-con-tuco-un-verano-lleno-de-rebajas-y-nuevas-ideas\/"},"author":{"name":"Muebles Tuco","@id":"https:\/\/www.tuco.net\/blog\/#\/schema\/person\/764b6d259d9f19cc09e2c7422ac8edd3"},"headline":"Renueva tu sal\u00f3n y sal de la rutina con Tuco: un verano lleno de rebajas y nuevas ideas","datePublished":"2025-07-18T11:05:22+00:00","dateModified":"2025-07-18T11:05:22+00:00","mainEntityOfPage":{"@id":"https:\/\/www.tuco.net\/blog\/renueva-tu-salon-y-sal-de-la-rutina-con-tuco-un-verano-lleno-de-rebajas-y-nuevas-ideas\/"},"wordCount":711,"publisher":{"@id":"https:\/\/www.tuco.net\/blog\/#organization"},"image":{"@id":"https:\/\/www.tuco.net\/blog\/renueva-tu-salon-y-sal-de-la-rutina-con-tuco-un-verano-lleno-de-rebajas-y-nuevas-ideas\/#primaryimage"},"thumbnailUrl":"https:\/\/www.tuco.net\/blog\/wp-content\/uploads\/2025\/07\/85A2069-Editar-1.jpg","articleSection":["Art\u00edculos del blog de Tuco"],"inLanguage":"es"},{"@type":"WebPage","@id":"https:\/\/www.tuco.net\/blog\/renueva-tu-salon-y-sal-de-la-rutina-con-tuco-un-verano-lleno-de-rebajas-y-nuevas-ideas\/","url":"https:\/\/www.tuco.net\/blog\/renueva-tu-salon-y-sal-de-la-rutina-con-tuco-un-verano-lleno-de-rebajas-y-nuevas-ideas\/","name":"Renueva tu sal\u00f3n y sal de la rutina con Tuco: un verano lleno de rebajas y nuevas ideas - BLOG","isPartOf":{"@id":"https:\/\/www.tuco.net\/blog\/#website"},"primaryImageOfPage":{"@id":"https:\/\/www.tuco.net\/blog\/renueva-tu-salon-y-sal-de-la-rutina-con-tuco-un-verano-lleno-de-rebajas-y-nuevas-ideas\/#primaryimage"},"image":{"@id":"https:\/\/www.tuco.net\/blog\/renueva-tu-salon-y-sal-de-la-rutina-con-tuco-un-verano-lleno-de-rebajas-y-nuevas-ideas\/#primaryimage"},"thumbnailUrl":"https:\/\/www.tuco.net\/blog\/wp-content\/uploads\/2025\/07\/85A2069-Editar-1.jpg","datePublished":"2025-07-18T11:05:22+00:00","dateModified":"2025-07-18T11:05:22+00:00","description":"Sal de la rutina y renueva tu sal\u00f3n con las rebajas de Tuco: muebles con estilo, color y personalidad. Solo hasta el 31 de agosto.","breadcrumb":{"@id":"https:\/\/www.tuco.net\/blog\/renueva-tu-salon-y-sal-de-la-rutina-con-tuco-un-verano-lleno-de-rebajas-y-nuevas-ideas\/#breadcrumb"},"inLanguage":"es","potentialAction":[{"@type":"ReadAction","target":["https:\/\/www.tuco.net\/blog\/renueva-tu-salon-y-sal-de-la-rutina-con-tuco-un-verano-lleno-de-rebajas-y-nuevas-ideas\/"]}]},{"@type":"ImageObject","inLanguage":"es","@id":"https:\/\/www.tuco.net\/blog\/renueva-tu-salon-y-sal-de-la-rutina-con-tuco-un-verano-lleno-de-rebajas-y-nuevas-ideas\/#primaryimage","url":"https:\/\/www.tuco.net\/blog\/wp-content\/uploads\/2025\/07\/85A2069-Editar-1.jpg","contentUrl":"https:\/\/www.tuco.net\/blog\/wp-content\/uploads\/2025\/07\/85A2069-Editar-1.jpg","width":2500,"height":1667},{"@type":"BreadcrumbList","@id":"https:\/\/www.tuco.net\/blog\/renueva-tu-salon-y-sal-de-la-rutina-con-tuco-un-verano-lleno-de-rebajas-y-nuevas-ideas\/#breadcrumb","itemListElement":[{"@type":"ListItem","position":1,"name":"Portada","item":"https:\/\/www.tuco.net\/blog\/"},{"@type":"ListItem","position":2,"name":"Renueva tu sal\u00f3n y sal de la rutina con Tuco: un verano lleno de rebajas y nuevas ideas"}]},{"@type":"WebSite","@id":"https:\/\/www.tuco.net\/blog\/#website","url":"https:\/\/www.tuco.net\/blog\/","name":"BLOG","description":"Blog de tuco.net","publisher":{"@id":"https:\/\/www.tuco.net\/blog\/#organization"},"potentialAction":[{"@type":"SearchAction","target":{"@type":"EntryPoint","urlTemplate":"https:\/\/www.tuco.net\/blog\/?s={search_term_string}"},"query-input":"required name=search_term_string"}],"inLanguage":"es"},{"@type":"Organization","@id":"https:\/\/www.tuco.net\/blog\/#organization","name":"BLOG","url":"https:\/\/www.tuco.net\/blog\/","logo":{"@type":"ImageObject","inLanguage":"es","@id":"https:\/\/www.tuco.net\/blog\/#\/schema\/logo\/image\/","url":"https:\/\/www.tuco.net\/blog\/wp-content\/uploads\/2022\/02\/cropped-logo-tuco-circular-1.png","contentUrl":"https:\/\/www.tuco.net\/blog\/wp-content\/uploads\/2022\/02\/cropped-logo-tuco-circular-1.png","width":512,"height":512,"caption":"BLOG"},"image":{"@id":"https:\/\/www.tuco.net\/blog\/#\/schema\/logo\/image\/"},"sameAs":["https:\/\/www.facebook.com\/MueblesTuco\/","https:\/\/www.instagram.com\/mueblestuco\/?hl=es"]},{"@type":"Person","@id":"https:\/\/www.tuco.net\/blog\/#\/schema\/person\/764b6d259d9f19cc09e2c7422ac8edd3","name":"Muebles Tuco","url":"https:\/\/www.tuco.net\/blog\/author\/muebles-tuco\/"}]}},"_links":{"self":[{"href":"https:\/\/www.tuco.net\/blog\/wp-json\/wp\/v2\/posts\/2340","targetHints":{"allow":["GET"]}}],"collection":[{"href":"https:\/\/www.tuco.net\/blog\/wp-json\/wp\/v2\/posts"}],"about":[{"href":"https:\/\/www.tuco.net\/blog\/wp-json\/wp\/v2\/types\/post"}],"author":[{"embeddable":true,"href":"https:\/\/www.tuco.net\/blog\/wp-json\/wp\/v2\/users\/6"}],"replies":[{"embeddable":true,"href":"https:\/\/www.tuco.net\/blog\/wp-json\/wp\/v2\/comments?post=2340"}],"version-history":[{"count":17,"href":"https:\/\/www.tuco.net\/blog\/wp-json\/wp\/v2\/posts\/2340\/revisions"}],"predecessor-version":[{"id":2380,"href":"https:\/\/www.tuco.net\/blog\/wp-json\/wp\/v2\/posts\/2340\/revisions\/2380"}],"wp:featuredmedia":[{"embeddable":true,"href":"https:\/\/www.tuco.net\/blog\/wp-json\/wp\/v2\/media\/2346"}],"wp:attachment":[{"href":"https:\/\/www.tuco.net\/blog\/wp-json\/wp\/v2\/media?parent=2340"}],"wp:term":[{"taxonomy":"category","embeddable":true,"href":"https:\/\/www.tuco.net\/blog\/wp-json\/wp\/v2\/categories?post=2340"},{"taxonomy":"post_tag","embeddable":true,"href":"https:\/\/www.tuco.net\/blog\/wp-json\/wp\/v2\/tags?post=2340"}],"curies":[{"name":"wp","href":"https:\/\/api.w.org\/{rel}","templated":true}]}}