{"id":1330,"date":"2024-07-19T12:37:22","date_gmt":"2024-07-19T12:37:22","guid":{"rendered":"https:\/\/www.tuco.net\/blog\/?p=1330"},"modified":"2025-01-20T09:26:42","modified_gmt":"2025-01-20T09:26:42","slug":"las-vitrinas-un-mueble-versatil-con-un-sinfin-de-posibilidades","status":"publish","type":"post","link":"https:\/\/www.tuco.net\/blog\/las-vitrinas-un-mueble-versatil-con-un-sinfin-de-posibilidades\/","title":{"rendered":"Las vitrinas: Un mueble vers\u00e1til con un sinf\u00edn de posibilidades"},"content":{"rendered":"<p align=\"justify\">En el mundo de la decoraci\u00f3n, las <span style=\"color: #467886;\"><u><a href=\"https:\/\/www.tuco.net\/vitrinas-27\">vitrinas<\/a><\/u><\/span> se erigen como protagonistas silenciosas, capaces de transformar un espacio ordinario en uno extraordinario. Su belleza radica en su dualidad: por un lado, son piezas decorativas que aportan sofisticaci\u00f3n y elegancia a cualquier ambiente; por otro lado, son muebles funcionales que permiten almacenar, proteger y exhibir nuestros objetos m\u00e1s preciados.<\/p>\n<p align=\"justify\">M\u00e1s all\u00e1 de su mero uso como almacenamiento, las vitrinas se convierten en elementos clave para definir la personalidad de un espacio. Sus diferentes estilos, desde las cl\u00e1sicas vitrinas de madera hasta las modernas de metal y cristal, nos permiten crear ambientes \u00fanicos que reflejan nuestro gusto y estilo personal.<\/p>\n<p align=\"justify\">En este art\u00edculo, nos embarcaremos en un viaje fascinante por el mundo de las vitrinas, explorando sus diferentes tipos, usos y aplicaciones. Descubriremos c\u00f3mo estos muebles vers\u00e1tiles pueden adaptarse a cualquier estilo decorativo y crear un ambiente \u00fanico en nuestro hogar o negocio.<\/p>\n<div id=\"ez-toc-container\" class=\"ez-toc-v2_0_63 counter-hierarchy ez-toc-counter ez-toc-custom ez-toc-container-direction\">\n<div class=\"ez-toc-title-container\">\n<p class=\"ez-toc-title \" >Tabla de contenidos<\/p>\n<span class=\"ez-toc-title-toggle\"><a href=\"#\" class=\"ez-toc-pull-right ez-toc-btn ez-toc-btn-xs ez-toc-btn-default ez-toc-toggle\" aria-label=\"Toggle Table of Content\"><span class=\"ez-toc-js-icon-con\"><span class=\"\"><span class=\"eztoc-hide\" style=\"display:none;\">Toggle<\/span><span class=\"ez-toc-icon-toggle-span\"><svg style=\"fill: #545454;color:#545454\" xmlns=\"http:\/\/www.w3.org\/2000\/svg\" class=\"list-377408\" width=\"20px\" height=\"20px\" viewBox=\"0 0 24 24\" fill=\"none\"><path d=\"M6 6H4v2h2V6zm14 0H8v2h12V6zM4 11h2v2H4v-2zm16 0H8v2h12v-2zM4 16h2v2H4v-2zm16 0H8v2h12v-2z\" fill=\"currentColor\"><\/path><\/svg><svg style=\"fill: #545454;color:#545454\" class=\"arrow-unsorted-368013\" xmlns=\"http:\/\/www.w3.org\/2000\/svg\" width=\"10px\" height=\"10px\" viewBox=\"0 0 24 24\" version=\"1.2\" baseProfile=\"tiny\"><path d=\"M18.2 9.3l-6.2-6.3-6.2 6.3c-.2.2-.3.4-.3.7s.1.5.3.7c.2.2.4.3.7.3h11c.3 0 .5-.1.7-.3.2-.2.3-.5.3-.7s-.1-.5-.3-.7zM5.8 14.7l6.2 6.3 6.2-6.3c.2-.2.3-.5.3-.7s-.1-.5-.3-.7c-.2-.2-.4-.3-.7-.3h-11c-.3 0-.5.1-.7.3-.2.2-.3.5-.3.7s.1.5.3.7z\"\/><\/svg><\/span><\/span><\/span><\/a><\/span><\/div>\n<nav><ul class='ez-toc-list ez-toc-list-level-1 ' ><li class='ez-toc-page-1 ez-toc-heading-level-2'><a class=\"ez-toc-link ez-toc-heading-1\" href=\"https:\/\/www.tuco.net\/blog\/las-vitrinas-un-mueble-versatil-con-un-sinfin-de-posibilidades\/#Tipos_de_vitrinas_Para_cada_necesidad_una_opcion\" title=\"Tipos de vitrinas: Para cada necesidad, una opci\u00f3n\">Tipos de vitrinas: Para cada necesidad, una opci\u00f3n<\/a><ul class='ez-toc-list-level-3' ><li class='ez-toc-heading-level-3'><a class=\"ez-toc-link ez-toc-heading-2\" href=\"https:\/\/www.tuco.net\/blog\/las-vitrinas-un-mueble-versatil-con-un-sinfin-de-posibilidades\/#Vitrinas_de_madera\" title=\"Vitrinas de madera\">Vitrinas de madera<\/a><\/li><li class='ez-toc-page-1 ez-toc-heading-level-3'><a class=\"ez-toc-link ez-toc-heading-3\" href=\"https:\/\/www.tuco.net\/blog\/las-vitrinas-un-mueble-versatil-con-un-sinfin-de-posibilidades\/#Vitrinas_de_metal_y_cristal\" title=\"Vitrinas de metal y cristal\">Vitrinas de metal y cristal<\/a><\/li><li class='ez-toc-page-1 ez-toc-heading-level-3'><a class=\"ez-toc-link ez-toc-heading-4\" href=\"https:\/\/www.tuco.net\/blog\/las-vitrinas-un-mueble-versatil-con-un-sinfin-de-posibilidades\/#Vitrinas_modulares\" title=\"Vitrinas modulares\">Vitrinas modulares<\/a><\/li><\/ul><\/li><li class='ez-toc-page-1 ez-toc-heading-level-2'><a class=\"ez-toc-link ez-toc-heading-5\" href=\"https:\/\/www.tuco.net\/blog\/las-vitrinas-un-mueble-versatil-con-un-sinfin-de-posibilidades\/#Usos_y_aplicaciones_de_las_vitrinas\" title=\"Usos y aplicaciones de las vitrinas\">Usos y aplicaciones de las vitrinas<\/a><ul class='ez-toc-list-level-3' ><li class='ez-toc-heading-level-3'><a class=\"ez-toc-link ez-toc-heading-6\" href=\"https:\/\/www.tuco.net\/blog\/las-vitrinas-un-mueble-versatil-con-un-sinfin-de-posibilidades\/#Almacenar_y_proteger_objetos\" title=\"Almacenar y proteger objetos\">Almacenar y proteger objetos<\/a><\/li><li class='ez-toc-page-1 ez-toc-heading-level-3'><a class=\"ez-toc-link ez-toc-heading-7\" href=\"https:\/\/www.tuco.net\/blog\/las-vitrinas-un-mueble-versatil-con-un-sinfin-de-posibilidades\/#Exhibir_objetos\" title=\"Exhibir objetos\">Exhibir objetos<\/a><\/li><li class='ez-toc-page-1 ez-toc-heading-level-3'><a class=\"ez-toc-link ez-toc-heading-8\" href=\"https:\/\/www.tuco.net\/blog\/las-vitrinas-un-mueble-versatil-con-un-sinfin-de-posibilidades\/#Organizar_espacios\" title=\"Organizar espacios\">Organizar espacios<\/a><\/li><li class='ez-toc-page-1 ez-toc-heading-level-3'><a class=\"ez-toc-link ez-toc-heading-9\" href=\"https:\/\/www.tuco.net\/blog\/las-vitrinas-un-mueble-versatil-con-un-sinfin-de-posibilidades\/#Crear_ambientes\" title=\"Crear ambientes\">Crear ambientes<\/a><\/li><\/ul><\/li><li class='ez-toc-page-1 ez-toc-heading-level-2'><a class=\"ez-toc-link ez-toc-heading-10\" href=\"https:\/\/www.tuco.net\/blog\/las-vitrinas-un-mueble-versatil-con-un-sinfin-de-posibilidades\/#Las_vitrinas_como_elemento_decorativo\" title=\"Las vitrinas como elemento decorativo\">Las vitrinas como elemento decorativo<\/a><ul class='ez-toc-list-level-3' ><li class='ez-toc-heading-level-3'><a class=\"ez-toc-link ez-toc-heading-11\" href=\"https:\/\/www.tuco.net\/blog\/las-vitrinas-un-mueble-versatil-con-un-sinfin-de-posibilidades\/#Juega_con_la_luz\" title=\"Juega con la luz\">Juega con la luz<\/a><\/li><li class='ez-toc-page-1 ez-toc-heading-level-3'><a class=\"ez-toc-link ez-toc-heading-12\" href=\"https:\/\/www.tuco.net\/blog\/las-vitrinas-un-mueble-versatil-con-un-sinfin-de-posibilidades\/#Utiliza_elementos_decorativos\" title=\"Utiliza elementos decorativos\">Utiliza elementos decorativos<\/a><\/li><li class='ez-toc-page-1 ez-toc-heading-level-3'><a class=\"ez-toc-link ez-toc-heading-13\" href=\"https:\/\/www.tuco.net\/blog\/las-vitrinas-un-mueble-versatil-con-un-sinfin-de-posibilidades\/#Combina_estilos\" title=\"Combina estilos\">Combina estilos<\/a><\/li><\/ul><\/li><li class='ez-toc-page-1 ez-toc-heading-level-2'><a class=\"ez-toc-link ez-toc-heading-14\" href=\"https:\/\/www.tuco.net\/blog\/las-vitrinas-un-mueble-versatil-con-un-sinfin-de-posibilidades\/#Decoracion_con_vitrinas_Consejos_para_un_espacio_unico\" title=\"Decoraci\u00f3n con vitrinas: Consejos para un espacio \u00fanico\">Decoraci\u00f3n con vitrinas: Consejos para un espacio \u00fanico<\/a><\/li><\/ul><\/nav><\/div>\n<h2 align=\"justify\"><span class=\"ez-toc-section\" id=\"Tipos_de_vitrinas_Para_cada_necesidad_una_opcion\"><\/span><b>Tipos de vitrinas: Para cada necesidad, una opci\u00f3n<\/b><span class=\"ez-toc-section-end\"><\/span><\/h2>\n<p align=\"justify\">La gran variedad de vitrinas disponibles en el mercado nos permite encontrar la pieza perfecta para cada necesidad. Desde las cl\u00e1sicas vitrinas de madera maciza hasta las modernas vitrinas de metal y cristal, pasando por las funcionales vitrinas modulares, las opciones son infinitas.<\/p>\n<h3 align=\"justify\"><span class=\"ez-toc-section\" id=\"Vitrinas_de_madera\"><\/span><b>Vitrinas de madera<\/b><span class=\"ez-toc-section-end\"><\/span><\/h3>\n<p align=\"justify\">Las vitrinas de madera son un cl\u00e1sico atemporal que aporta calidez y elegancia a cualquier espacio. Son ideales para exhibir objetos de valor, como vajillas, cristaler\u00eda o colecciones de porcelana.<\/p>\n<figure style=\"width: 441px\" class=\"wp-caption alignnone\"><a href=\"https:\/\/www.tuco.net\/vitrina-puerta-cristal-vanna-2533.html\"><img loading=\"lazy\" decoding=\"async\" style=\"font-size: 16px;\" title=\"vitrina de madera\" src=\"https:\/\/cdn1.tuco.net\/modules\/wkwebp\/views\/img\/product\/8634-large_default.webp\" alt=\"vitrina de madera\" width=\"441\" height=\"320\" \/><\/a><figcaption class=\"wp-caption-text\"><a href=\"https:\/\/www.tuco.net\/vitrina-puerta-cristal-vanna-2533.html\">vitrina de madera<\/a><\/figcaption><\/figure>\n<h3 align=\"justify\"><\/h3>\n<h3 align=\"justify\"><span class=\"ez-toc-section\" id=\"Vitrinas_de_metal_y_cristal\"><\/span><b>Vitrinas de metal y cristal<\/b><span class=\"ez-toc-section-end\"><\/span><\/h3>\n<p align=\"justify\">Las vitrinas de metal y cristal son una opci\u00f3n moderna y minimalista que aporta un toque de sofisticaci\u00f3n a cualquier ambiente. Son perfectas para exhibir objetos decorativos, como libros, figuras o recuerdos de viaje.<\/p>\n<h3 align=\"justify\"><span class=\"ez-toc-section\" id=\"Vitrinas_modulares\"><\/span><b>Vitrinas modulares<\/b><span class=\"ez-toc-section-end\"><\/span><\/h3>\n<p align=\"justify\">Las vitrinas modulares son una soluci\u00f3n pr\u00e1ctica y vers\u00e1til para espacios peque\u00f1os. Permiten combinar diferentes m\u00f3dulos para crear una vitrina a medida de nuestras necesidades.<\/p>\n<h2 align=\"justify\"><span class=\"ez-toc-section\" id=\"Usos_y_aplicaciones_de_las_vitrinas\"><\/span><b>Usos y aplicaciones de las vitrinas<\/b><span class=\"ez-toc-section-end\"><\/span><\/h2>\n<p align=\"justify\">Las vitrinas no solo son muebles decorativos, sino que tambi\u00e9n tienen una gran funcionalidad. Se pueden utilizar para:<\/p>\n<h3 align=\"justify\"><span class=\"ez-toc-section\" id=\"Almacenar_y_proteger_objetos\"><\/span><b>Almacenar y proteger objetos<\/b><span class=\"ez-toc-section-end\"><\/span><\/h3>\n<p align=\"justify\">Las vitrinas son ideales para almacenar y proteger objetos delicados, como vajillas, cristaler\u00eda, colecciones de porcelana o figuras decorativas. Las puertas de cristal permiten mantener el polvo y la suciedad alejados de nuestros objetos m\u00e1s preciados.<\/p>\n<figure style=\"width: 499px\" class=\"wp-caption alignnone\"><a href=\"https:\/\/www.tuco.net\/vitrina-para-salon-hallaton-3950.html?\/elige_el_color-blanco_mate_y_albo\"><img loading=\"lazy\" decoding=\"async\" title=\"Vitrina alta\" src=\"https:\/\/cdn1.tuco.net\/modules\/wkwebp\/views\/img\/product\/28337-large_default.webp\" alt=\"Vitrina alta\" width=\"499\" height=\"362\" \/><\/a><figcaption class=\"wp-caption-text\"><a href=\"https:\/\/www.tuco.net\/vitrina-para-salon-hallaton-3950.html?\/elige_el_color-blanco_mate_y_albo\">Vitrina alta<\/a><\/figcaption><\/figure>\n<h3 align=\"justify\"><\/h3>\n<h3 align=\"justify\"><span class=\"ez-toc-section\" id=\"Exhibir_objetos\"><\/span><b>Exhibir objetos<\/b><span class=\"ez-toc-section-end\"><\/span><\/h3>\n<p align=\"justify\">Las vitrinas son una excelente manera de exhibir objetos decorativos, como libros, cuadros, esculturas o recuerdos de viaje.<\/p>\n<h3 align=\"justify\"><span class=\"ez-toc-section\" id=\"Organizar_espacios\"><\/span><b>Organizar espacios<\/b><span class=\"ez-toc-section-end\"><\/span><\/h3>\n<p align=\"justify\">Las vitrinas pueden ayudar a organizar espacios, especialmente en casas peque\u00f1as o con mucho clutter. Al colocar objetos en vitrinas, podemos liberar espacio en estanter\u00edas y mesas.<\/p>\n<h3 align=\"justify\"><span class=\"ez-toc-section\" id=\"Crear_ambientes\"><\/span><b>Crear ambientes<\/b><span class=\"ez-toc-section-end\"><\/span><\/h3>\n<p align=\"justify\">Las vitrinas pueden ayudar a crear diferentes ambientes en una misma habitaci\u00f3n. Por ejemplo, una vitrina con libros y cuadros puede crear un ambiente acogedor y estudioso, mientras que una vitrina con vajillas y cristaler\u00eda puede crear un ambiente m\u00e1s formal y elegante.<\/p>\n<h2 align=\"justify\"><span class=\"ez-toc-section\" id=\"Las_vitrinas_como_elemento_decorativo\"><\/span><b>Las vitrinas como elemento decorativo<\/b><span class=\"ez-toc-section-end\"><\/span><\/h2>\n<p align=\"justify\">Las vitrinas no solo son muebles pr\u00e1cticos, sino tambi\u00e9n piezas decorativas que pueden a\u00f1adir un toque de distinci\u00f3n a cualquier espacio. Su dise\u00f1o elegante y sofisticado las convierte en el complemento ideal para realzar la belleza de una habitaci\u00f3n.<\/p>\n<h3 align=\"justify\"><span class=\"ez-toc-section\" id=\"Juega_con_la_luz\"><\/span><b>Juega con la luz<\/b><span class=\"ez-toc-section-end\"><\/span><\/h3>\n<p align=\"justify\">La iluminaci\u00f3n juega un papel fundamental en la decoraci\u00f3n con vitrinas. Una buena iluminaci\u00f3n interior puede realzar los objetos que se exhiben en la vitrina, creando un efecto visual atractivo y acogedor.<\/p>\n<figure style=\"width: 496px\" class=\"wp-caption alignnone\"><a href=\"https:\/\/www.tuco.net\/vitrina-baja-dos-puertas-dreams-3922.html?\/leds-sin_leds\"><img loading=\"lazy\" decoding=\"async\" class=\"\" src=\"https:\/\/cdn1.tuco.net\/modules\/wkwebp\/views\/img\/product\/20457-large_default.webp\" alt=\"vitrina con leds\" width=\"496\" height=\"359\" \/><\/a><figcaption class=\"wp-caption-text\"><a href=\"https:\/\/www.tuco.net\/vitrina-baja-dos-puertas-dreams-3922.html?\/leds-sin_leds\">vitrina con leds<\/a><\/figcaption><\/figure>\n<h3 align=\"justify\"><\/h3>\n<h3 align=\"justify\"><span class=\"ez-toc-section\" id=\"Utiliza_elementos_decorativos\"><\/span><b>Utiliza elementos decorativos<\/b><span class=\"ez-toc-section-end\"><\/span><\/h3>\n<p align=\"justify\">Puedes utilizar diferentes elementos decorativos para crear un ambiente \u00fanico en el interior de la vitrina, como telas, luces o plantas.<\/p>\n<h3 align=\"justify\"><span class=\"ez-toc-section\" id=\"Combina_estilos\"><\/span><b>Combina estilos<\/b><span class=\"ez-toc-section-end\"><\/span><\/h3>\n<p align=\"justify\">No tengas miedo de combinar diferentes estilos de vitrinas para crear un ambiente ecl\u00e9ctico y original.<\/p>\n<h2 align=\"justify\"><span class=\"ez-toc-section\" id=\"Decoracion_con_vitrinas_Consejos_para_un_espacio_unico\"><\/span><b>Decoraci\u00f3n con vitrinas: Consejos para un espacio \u00fanico<\/b><span class=\"ez-toc-section-end\"><\/span><\/h2>\n<p align=\"justify\">A la hora de decorar con vitrinas, es importante tener en cuenta el estilo de la habitaci\u00f3n y el tipo de objetos que queremos exhibir. Algunos consejos para decorar con vitrinas son:<\/p>\n<ul>\n<li>\n<p align=\"justify\"><b>Elegir la vitrina adecuada:<\/b> Es importante elegir una vitrina que se adapte al estilo de la habitaci\u00f3n y al tipo de objetos que queremos exhibir.<\/p>\n<\/li>\n<li>\n<p align=\"justify\"><b>Ubicar la vitrina en el lugar correcto:<\/b> La vitrina debe colocarse en un lugar donde se pueda ver y apreciar bien.<\/p>\n<\/li>\n<li>\n<p align=\"justify\"><b>Iluminar la vitrina:<\/b> Una buena iluminaci\u00f3n puede realzar los objetos que se exhiben en la vitrina.<\/p>\n<\/li>\n<li>\n<p align=\"justify\"><b>Decorar el interior de la vitrina:<\/b> Se pueden utilizar diferentes elementos decorativos para crear un ambiente \u00fanico en el interior de la vitrina, como telas, luces o plantas.<\/p>\n<\/li>\n<\/ul>\n<p align=\"justify\">Las vitrinas son muebles vers\u00e1tiles y funcionales que pueden aportar un toque de sofisticaci\u00f3n y elegancia a cualquier espacio. Con una amplia variedad de tipos, usos y aplicaciones, las vitrinas son una excelente manera de almacenar, proteger, exhibir y organizar nuestros objetos m\u00e1s preciados.<\/p>\n<p align=\"justify\">No esperes m\u00e1s para darle un toque de estilo y funcionalidad a tu hogar descubriendo la <span style=\"color: #467886;\"><u><a href=\"https:\/\/www.tuco.net\/\">amplia variedad de modelos de muebles baratos<\/a><\/u><\/span> que tenemos para ti.<\/p>\n<p align=\"justify\">\n","protected":false},"excerpt":{"rendered":"<p>En el mundo de la decoraci\u00f3n, las vitrinas se erigen como protagonistas silenciosas, capaces de transformar un espacio ordinario en uno extraordinario. Su belleza radica en su dualidad: por un lado, son piezas decorativas que aportan sofisticaci\u00f3n y elegancia a cualquier ambiente; por otro lado, son muebles funcionales que permiten almacenar, proteger y exhibir nuestros&hellip;&nbsp;<a href=\"https:\/\/www.tuco.net\/blog\/las-vitrinas-un-mueble-versatil-con-un-sinfin-de-posibilidades\/\" rel=\"bookmark\">Leer m\u00e1s &raquo;<span class=\"screen-reader-text\">Las vitrinas: Un mueble vers\u00e1til con un sinf\u00edn de posibilidades<\/span><\/a><\/p>\n","protected":false},"author":6,"featured_media":1335,"comment_status":"closed","ping_status":"closed","sticky":false,"template":"","format":"standard","meta":{"neve_meta_sidebar":"","neve_meta_container":"","neve_meta_enable_content_width":"off","neve_meta_content_width":70,"neve_meta_title_alignment":"","neve_meta_author_avatar":"","neve_post_elements_order":"","neve_meta_disable_header":"","neve_meta_disable_footer":"","neve_meta_disable_title":"","footnotes":""},"categories":[7,1,50],"tags":[],"class_list":["post-1330","post","type-post","status-publish","format-standard","has-post-thumbnail","hentry","category-entradas","category-categorias","category-easy-life"],"yoast_head":"<!-- This site is optimized with the Yoast SEO plugin v22.2 - https:\/\/yoast.com\/wordpress\/plugins\/seo\/ -->\n<title>Las vitrinas: Un mueble vers\u00e1til con un sinf\u00edn de posibilidades - BLOG<\/title>\n<meta name=\"robots\" content=\"index, follow, max-snippet:-1, max-image-preview:large, max-video-preview:-1\" \/>\n<link rel=\"canonical\" href=\"https:\/\/www.tuco.net\/blog\/las-vitrinas-un-mueble-versatil-con-un-sinfin-de-posibilidades\/\" \/>\n<meta property=\"og:locale\" content=\"es_ES\" \/>\n<meta property=\"og:type\" content=\"article\" \/>\n<meta property=\"og:title\" content=\"Las vitrinas: Un mueble vers\u00e1til con un sinf\u00edn de posibilidades - BLOG\" \/>\n<meta property=\"og:description\" content=\"En el mundo de la decoraci\u00f3n, las vitrinas se erigen como protagonistas silenciosas, capaces de transformar un espacio ordinario en uno extraordinario. Su belleza radica en su dualidad: por un lado, son piezas decorativas que aportan sofisticaci\u00f3n y elegancia a cualquier ambiente; por otro lado, son muebles funcionales que permiten almacenar, proteger y exhibir nuestros&hellip;&nbsp;Leer m\u00e1s &raquo;Las vitrinas: Un mueble vers\u00e1til con un sinf\u00edn de posibilidades\" \/>\n<meta property=\"og:url\" content=\"https:\/\/www.tuco.net\/blog\/las-vitrinas-un-mueble-versatil-con-un-sinfin-de-posibilidades\/\" \/>\n<meta property=\"og:site_name\" content=\"BLOG\" \/>\n<meta property=\"article:publisher\" content=\"https:\/\/www.facebook.com\/MueblesTuco\/\" \/>\n<meta property=\"article:published_time\" content=\"2024-07-19T12:37:22+00:00\" \/>\n<meta property=\"article:modified_time\" content=\"2025-01-20T09:26:42+00:00\" \/>\n<meta property=\"og:image\" content=\"https:\/\/www.tuco.net\/blog\/wp-content\/uploads\/2024\/07\/Bohol_M482_008_light-1.jpg\" \/>\n\t<meta property=\"og:image:width\" content=\"1500\" \/>\n\t<meta property=\"og:image:height\" content=\"583\" \/>\n\t<meta property=\"og:image:type\" content=\"image\/jpeg\" \/>\n<meta name=\"author\" content=\"Muebles Tuco\" \/>\n<meta name=\"twitter:card\" content=\"summary_large_image\" \/>\n<meta name=\"twitter:label1\" content=\"Escrito por\" \/>\n\t<meta name=\"twitter:data1\" content=\"Muebles Tuco\" \/>\n\t<meta name=\"twitter:label2\" content=\"Tiempo de lectura\" \/>\n\t<meta name=\"twitter:data2\" content=\"5 minutos\" \/>\n<script type=\"application\/ld+json\" class=\"yoast-schema-graph\">{\"@context\":\"https:\/\/schema.org\",\"@graph\":[{\"@type\":\"Article\",\"@id\":\"https:\/\/www.tuco.net\/blog\/las-vitrinas-un-mueble-versatil-con-un-sinfin-de-posibilidades\/#article\",\"isPartOf\":{\"@id\":\"https:\/\/www.tuco.net\/blog\/las-vitrinas-un-mueble-versatil-con-un-sinfin-de-posibilidades\/\"},\"author\":{\"name\":\"Muebles Tuco\",\"@id\":\"https:\/\/www.tuco.net\/blog\/#\/schema\/person\/764b6d259d9f19cc09e2c7422ac8edd3\"},\"headline\":\"Las vitrinas: Un mueble vers\u00e1til con un sinf\u00edn de posibilidades\",\"datePublished\":\"2024-07-19T12:37:22+00:00\",\"dateModified\":\"2025-01-20T09:26:42+00:00\",\"mainEntityOfPage\":{\"@id\":\"https:\/\/www.tuco.net\/blog\/las-vitrinas-un-mueble-versatil-con-un-sinfin-de-posibilidades\/\"},\"wordCount\":865,\"publisher\":{\"@id\":\"https:\/\/www.tuco.net\/blog\/#organization\"},\"image\":{\"@id\":\"https:\/\/www.tuco.net\/blog\/las-vitrinas-un-mueble-versatil-con-un-sinfin-de-posibilidades\/#primaryimage\"},\"thumbnailUrl\":\"https:\/\/www.tuco.net\/blog\/wp-content\/uploads\/2024\/07\/Bohol_M482_008_light-1.jpg\",\"articleSection\":[\"Art\u00edculos del blog de Tuco\",\"CATEGOR\u00cdAS\",\"Easy Life\"],\"inLanguage\":\"es\"},{\"@type\":\"WebPage\",\"@id\":\"https:\/\/www.tuco.net\/blog\/las-vitrinas-un-mueble-versatil-con-un-sinfin-de-posibilidades\/\",\"url\":\"https:\/\/www.tuco.net\/blog\/las-vitrinas-un-mueble-versatil-con-un-sinfin-de-posibilidades\/\",\"name\":\"Las vitrinas: Un mueble vers\u00e1til con un sinf\u00edn de posibilidades - BLOG\",\"isPartOf\":{\"@id\":\"https:\/\/www.tuco.net\/blog\/#website\"},\"primaryImageOfPage\":{\"@id\":\"https:\/\/www.tuco.net\/blog\/las-vitrinas-un-mueble-versatil-con-un-sinfin-de-posibilidades\/#primaryimage\"},\"image\":{\"@id\":\"https:\/\/www.tuco.net\/blog\/las-vitrinas-un-mueble-versatil-con-un-sinfin-de-posibilidades\/#primaryimage\"},\"thumbnailUrl\":\"https:\/\/www.tuco.net\/blog\/wp-content\/uploads\/2024\/07\/Bohol_M482_008_light-1.jpg\",\"datePublished\":\"2024-07-19T12:37:22+00:00\",\"dateModified\":\"2025-01-20T09:26:42+00:00\",\"breadcrumb\":{\"@id\":\"https:\/\/www.tuco.net\/blog\/las-vitrinas-un-mueble-versatil-con-un-sinfin-de-posibilidades\/#breadcrumb\"},\"inLanguage\":\"es\",\"potentialAction\":[{\"@type\":\"ReadAction\",\"target\":[\"https:\/\/www.tuco.net\/blog\/las-vitrinas-un-mueble-versatil-con-un-sinfin-de-posibilidades\/\"]}]},{\"@type\":\"ImageObject\",\"inLanguage\":\"es\",\"@id\":\"https:\/\/www.tuco.net\/blog\/las-vitrinas-un-mueble-versatil-con-un-sinfin-de-posibilidades\/#primaryimage\",\"url\":\"https:\/\/www.tuco.net\/blog\/wp-content\/uploads\/2024\/07\/Bohol_M482_008_light-1.jpg\",\"contentUrl\":\"https:\/\/www.tuco.net\/blog\/wp-content\/uploads\/2024\/07\/Bohol_M482_008_light-1.jpg\",\"width\":1500,\"height\":583},{\"@type\":\"BreadcrumbList\",\"@id\":\"https:\/\/www.tuco.net\/blog\/las-vitrinas-un-mueble-versatil-con-un-sinfin-de-posibilidades\/#breadcrumb\",\"itemListElement\":[{\"@type\":\"ListItem\",\"position\":1,\"name\":\"Portada\",\"item\":\"https:\/\/www.tuco.net\/blog\/\"},{\"@type\":\"ListItem\",\"position\":2,\"name\":\"Las vitrinas: Un mueble vers\u00e1til con un sinf\u00edn de posibilidades\"}]},{\"@type\":\"WebSite\",\"@id\":\"https:\/\/www.tuco.net\/blog\/#website\",\"url\":\"https:\/\/www.tuco.net\/blog\/\",\"name\":\"BLOG\",\"description\":\"Blog de tuco.net\",\"publisher\":{\"@id\":\"https:\/\/www.tuco.net\/blog\/#organization\"},\"potentialAction\":[{\"@type\":\"SearchAction\",\"target\":{\"@type\":\"EntryPoint\",\"urlTemplate\":\"https:\/\/www.tuco.net\/blog\/?s={search_term_string}\"},\"query-input\":\"required name=search_term_string\"}],\"inLanguage\":\"es\"},{\"@type\":\"Organization\",\"@id\":\"https:\/\/www.tuco.net\/blog\/#organization\",\"name\":\"BLOG\",\"url\":\"https:\/\/www.tuco.net\/blog\/\",\"logo\":{\"@type\":\"ImageObject\",\"inLanguage\":\"es\",\"@id\":\"https:\/\/www.tuco.net\/blog\/#\/schema\/logo\/image\/\",\"url\":\"https:\/\/www.tuco.net\/blog\/wp-content\/uploads\/2022\/02\/cropped-logo-tuco-circular-1.png\",\"contentUrl\":\"https:\/\/www.tuco.net\/blog\/wp-content\/uploads\/2022\/02\/cropped-logo-tuco-circular-1.png\",\"width\":512,\"height\":512,\"caption\":\"BLOG\"},\"image\":{\"@id\":\"https:\/\/www.tuco.net\/blog\/#\/schema\/logo\/image\/\"},\"sameAs\":[\"https:\/\/www.facebook.com\/MueblesTuco\/\",\"https:\/\/www.instagram.com\/mueblestuco\/?hl=es\"]},{\"@type\":\"Person\",\"@id\":\"https:\/\/www.tuco.net\/blog\/#\/schema\/person\/764b6d259d9f19cc09e2c7422ac8edd3\",\"name\":\"Muebles Tuco\",\"url\":\"https:\/\/www.tuco.net\/blog\/author\/muebles-tuco\/\"}]}<\/script>\n<!-- \/ Yoast SEO plugin. -->","yoast_head_json":{"title":"Las vitrinas: Un mueble vers\u00e1til con un sinf\u00edn de posibilidades - BLOG","robots":{"index":"index","follow":"follow","max-snippet":"max-snippet:-1","max-image-preview":"max-image-preview:large","max-video-preview":"max-video-preview:-1"},"canonical":"https:\/\/www.tuco.net\/blog\/las-vitrinas-un-mueble-versatil-con-un-sinfin-de-posibilidades\/","og_locale":"es_ES","og_type":"article","og_title":"Las vitrinas: Un mueble vers\u00e1til con un sinf\u00edn de posibilidades - BLOG","og_description":"En el mundo de la decoraci\u00f3n, las vitrinas se erigen como protagonistas silenciosas, capaces de transformar un espacio ordinario en uno extraordinario. Su belleza radica en su dualidad: por un lado, son piezas decorativas que aportan sofisticaci\u00f3n y elegancia a cualquier ambiente; por otro lado, son muebles funcionales que permiten almacenar, proteger y exhibir nuestros&hellip;&nbsp;Leer m\u00e1s &raquo;Las vitrinas: Un mueble vers\u00e1til con un sinf\u00edn de posibilidades","og_url":"https:\/\/www.tuco.net\/blog\/las-vitrinas-un-mueble-versatil-con-un-sinfin-de-posibilidades\/","og_site_name":"BLOG","article_publisher":"https:\/\/www.facebook.com\/MueblesTuco\/","article_published_time":"2024-07-19T12:37:22+00:00","article_modified_time":"2025-01-20T09:26:42+00:00","og_image":[{"width":1500,"height":583,"url":"https:\/\/www.tuco.net\/blog\/wp-content\/uploads\/2024\/07\/Bohol_M482_008_light-1.jpg","type":"image\/jpeg"}],"author":"Muebles Tuco","twitter_card":"summary_large_image","twitter_misc":{"Escrito por":"Muebles Tuco","Tiempo de lectura":"5 minutos"},"schema":{"@context":"https:\/\/schema.org","@graph":[{"@type":"Article","@id":"https:\/\/www.tuco.net\/blog\/las-vitrinas-un-mueble-versatil-con-un-sinfin-de-posibilidades\/#article","isPartOf":{"@id":"https:\/\/www.tuco.net\/blog\/las-vitrinas-un-mueble-versatil-con-un-sinfin-de-posibilidades\/"},"author":{"name":"Muebles Tuco","@id":"https:\/\/www.tuco.net\/blog\/#\/schema\/person\/764b6d259d9f19cc09e2c7422ac8edd3"},"headline":"Las vitrinas: Un mueble vers\u00e1til con un sinf\u00edn de posibilidades","datePublished":"2024-07-19T12:37:22+00:00","dateModified":"2025-01-20T09:26:42+00:00","mainEntityOfPage":{"@id":"https:\/\/www.tuco.net\/blog\/las-vitrinas-un-mueble-versatil-con-un-sinfin-de-posibilidades\/"},"wordCount":865,"publisher":{"@id":"https:\/\/www.tuco.net\/blog\/#organization"},"image":{"@id":"https:\/\/www.tuco.net\/blog\/las-vitrinas-un-mueble-versatil-con-un-sinfin-de-posibilidades\/#primaryimage"},"thumbnailUrl":"https:\/\/www.tuco.net\/blog\/wp-content\/uploads\/2024\/07\/Bohol_M482_008_light-1.jpg","articleSection":["Art\u00edculos del blog de Tuco","CATEGOR\u00cdAS","Easy Life"],"inLanguage":"es"},{"@type":"WebPage","@id":"https:\/\/www.tuco.net\/blog\/las-vitrinas-un-mueble-versatil-con-un-sinfin-de-posibilidades\/","url":"https:\/\/www.tuco.net\/blog\/las-vitrinas-un-mueble-versatil-con-un-sinfin-de-posibilidades\/","name":"Las vitrinas: Un mueble vers\u00e1til con un sinf\u00edn de posibilidades - BLOG","isPartOf":{"@id":"https:\/\/www.tuco.net\/blog\/#website"},"primaryImageOfPage":{"@id":"https:\/\/www.tuco.net\/blog\/las-vitrinas-un-mueble-versatil-con-un-sinfin-de-posibilidades\/#primaryimage"},"image":{"@id":"https:\/\/www.tuco.net\/blog\/las-vitrinas-un-mueble-versatil-con-un-sinfin-de-posibilidades\/#primaryimage"},"thumbnailUrl":"https:\/\/www.tuco.net\/blog\/wp-content\/uploads\/2024\/07\/Bohol_M482_008_light-1.jpg","datePublished":"2024-07-19T12:37:22+00:00","dateModified":"2025-01-20T09:26:42+00:00","breadcrumb":{"@id":"https:\/\/www.tuco.net\/blog\/las-vitrinas-un-mueble-versatil-con-un-sinfin-de-posibilidades\/#breadcrumb"},"inLanguage":"es","potentialAction":[{"@type":"ReadAction","target":["https:\/\/www.tuco.net\/blog\/las-vitrinas-un-mueble-versatil-con-un-sinfin-de-posibilidades\/"]}]},{"@type":"ImageObject","inLanguage":"es","@id":"https:\/\/www.tuco.net\/blog\/las-vitrinas-un-mueble-versatil-con-un-sinfin-de-posibilidades\/#primaryimage","url":"https:\/\/www.tuco.net\/blog\/wp-content\/uploads\/2024\/07\/Bohol_M482_008_light-1.jpg","contentUrl":"https:\/\/www.tuco.net\/blog\/wp-content\/uploads\/2024\/07\/Bohol_M482_008_light-1.jpg","width":1500,"height":583},{"@type":"BreadcrumbList","@id":"https:\/\/www.tuco.net\/blog\/las-vitrinas-un-mueble-versatil-con-un-sinfin-de-posibilidades\/#breadcrumb","itemListElement":[{"@type":"ListItem","position":1,"name":"Portada","item":"https:\/\/www.tuco.net\/blog\/"},{"@type":"ListItem","position":2,"name":"Las vitrinas: Un mueble vers\u00e1til con un sinf\u00edn de posibilidades"}]},{"@type":"WebSite","@id":"https:\/\/www.tuco.net\/blog\/#website","url":"https:\/\/www.tuco.net\/blog\/","name":"BLOG","description":"Blog de tuco.net","publisher":{"@id":"https:\/\/www.tuco.net\/blog\/#organization"},"potentialAction":[{"@type":"SearchAction","target":{"@type":"EntryPoint","urlTemplate":"https:\/\/www.tuco.net\/blog\/?s={search_term_string}"},"query-input":"required name=search_term_string"}],"inLanguage":"es"},{"@type":"Organization","@id":"https:\/\/www.tuco.net\/blog\/#organization","name":"BLOG","url":"https:\/\/www.tuco.net\/blog\/","logo":{"@type":"ImageObject","inLanguage":"es","@id":"https:\/\/www.tuco.net\/blog\/#\/schema\/logo\/image\/","url":"https:\/\/www.tuco.net\/blog\/wp-content\/uploads\/2022\/02\/cropped-logo-tuco-circular-1.png","contentUrl":"https:\/\/www.tuco.net\/blog\/wp-content\/uploads\/2022\/02\/cropped-logo-tuco-circular-1.png","width":512,"height":512,"caption":"BLOG"},"image":{"@id":"https:\/\/www.tuco.net\/blog\/#\/schema\/logo\/image\/"},"sameAs":["https:\/\/www.facebook.com\/MueblesTuco\/","https:\/\/www.instagram.com\/mueblestuco\/?hl=es"]},{"@type":"Person","@id":"https:\/\/www.tuco.net\/blog\/#\/schema\/person\/764b6d259d9f19cc09e2c7422ac8edd3","name":"Muebles Tuco","url":"https:\/\/www.tuco.net\/blog\/author\/muebles-tuco\/"}]}},"_links":{"self":[{"href":"https:\/\/www.tuco.net\/blog\/wp-json\/wp\/v2\/posts\/1330","targetHints":{"allow":["GET"]}}],"collection":[{"href":"https:\/\/www.tuco.net\/blog\/wp-json\/wp\/v2\/posts"}],"about":[{"href":"https:\/\/www.tuco.net\/blog\/wp-json\/wp\/v2\/types\/post"}],"author":[{"embeddable":true,"href":"https:\/\/www.tuco.net\/blog\/wp-json\/wp\/v2\/users\/6"}],"replies":[{"embeddable":true,"href":"https:\/\/www.tuco.net\/blog\/wp-json\/wp\/v2\/comments?post=1330"}],"version-history":[{"count":5,"href":"https:\/\/www.tuco.net\/blog\/wp-json\/wp\/v2\/posts\/1330\/revisions"}],"predecessor-version":[{"id":1337,"href":"https:\/\/www.tuco.net\/blog\/wp-json\/wp\/v2\/posts\/1330\/revisions\/1337"}],"wp:featuredmedia":[{"embeddable":true,"href":"https:\/\/www.tuco.net\/blog\/wp-json\/wp\/v2\/media\/1335"}],"wp:attachment":[{"href":"https:\/\/www.tuco.net\/blog\/wp-json\/wp\/v2\/media?parent=1330"}],"wp:term":[{"taxonomy":"category","embeddable":true,"href":"https:\/\/www.tuco.net\/blog\/wp-json\/wp\/v2\/categories?post=1330"},{"taxonomy":"post_tag","embeddable":true,"href":"https:\/\/www.tuco.net\/blog\/wp-json\/wp\/v2\/tags?post=1330"}],"curies":[{"name":"wp","href":"https:\/\/api.w.org\/{rel}","templated":true}]}}